{"id":19917,"date":"2025-12-16T11:13:18","date_gmt":"2025-12-16T13:13:18","guid":{"rendered":"https:\/\/blog.cancaonova.com\/paisecatequistas\/?p=19917"},"modified":"2026-01-14T08:49:51","modified_gmt":"2026-01-14T10:49:51","slug":"especial-de-natal-gloria-deus","status":"publish","type":"post","link":"https:\/\/blog.cancaonova.com\/paisecatequistas\/especial-de-natal-gloria-deus\/","title":{"rendered":"Muito al\u00e9m de uma can\u00e7\u00e3o"},"content":{"rendered":"<h3 data-path-to-node=\"2\">O brilho da noite santa<\/h3>\n<p data-path-to-node=\"3\">Cantar o <b>&#8216;Gl\u00f3ria a Deus&#8217;<\/b> na voz do Padre Jonas Abib \u00e9 mais do que cumprir uma can\u00e7\u00e3o, \u00e9 sintonizar o nosso cora\u00e7\u00e3o com o coro dos anjos que visitaram os pastores em Bel\u00e9m.<\/p>\n<p data-path-to-node=\"4\">Nesta m\u00fasica, somos lembrados de que o Natal n\u00e3o \u00e9 um evento est\u00e1tico no tempo, mas uma <b>proclama\u00e7\u00e3o viva<\/b>. Quando dizemos <i>&#8216;Gl\u00f3ria&#8217;<\/i>, estamos reconhecendo que Deus n\u00e3o ficou distante em Sua majestade, mas se fez pequeno, fr\u00e1gil e pr\u00f3ximo na manjedoura para nos alcan\u00e7ar e merece toda Gloria.<\/p>\n<p data-path-to-node=\"5\">Esta can\u00e7\u00e3o nos convida a uma convers\u00e3o da alegria: a paz na terra n\u00e3o vem da aus\u00eancia de problemas, mas da presen\u00e7a d&#8217;Aquele que \u00e9 <b>amado pelo Pai<\/b> e que nos ensina a amar. Que este louvor ecoe em nossas casas, transformando cada fam\u00edlia em um pres\u00e9pio onde Jesus tem lugar para morar.<\/p>\n<p data-path-to-node=\"5\">E n\u00e3o cantamos sozinhos, mas com o Cantinho da Crian\u00e7a. Venha fazer parte desta linda can\u00e7\u00e3o!<\/p>\n<p><iframe loading=\"lazy\" title=\"Gl\u00c3\u00b3ria a Deus I Especial de Natal\" width=\"600\" height=\"338\" src=\"https:\/\/www.youtube.com\/embed\/sArP9C6R5FY?feature=oembed&amp;rel=0\" frameborder=\"0\" allow=\"accelerometer; autoplay; clipboard-write; encrypted-media; gyroscope; picture-in-picture; web-share\" referrerpolicy=\"strict-origin-when-cross-origin\" allowfullscreen><\/iframe><\/p>\n","protected":false},"excerpt":{"rendered":"<p>Nesta m\u00fasica, somos lembrados de que o Natal n\u00e3o \u00e9 um evento est\u00e1tico no tempo, mas uma proclama\u00e7\u00e3o viva. Quando dizemos &#8216;Gl\u00f3ria&#8217;, estamos reconhecendo que Deus n\u00e3o ficou distante em Sua majestade, mas se fez pequeno, fr\u00e1gil e pr\u00f3ximo na manjedoura para nos alcan\u00e7ar e merece toda Gloria.\u00a0 <a href=\"https:\/\/blog.cancaonova.com\/paisecatequistas\/especial-de-natal-gloria-deus\/\">Continue lendo <span class=\"meta-nav\">&rarr;<\/span><\/a><\/p>\n","protected":false},"author":4340,"featured_media":19918,"comment_status":"closed","ping_status":"closed","sticky":false,"template":"","format":"standard","meta":{"_mi_skip_tracking":false,"_monsterinsights_sitenote_active":false,"_monsterinsights_sitenote_note":"","_monsterinsights_sitenote_category":0,"footnotes":""},"categories":[200710],"tags":[5011,16619,15975,21350,18235,8181],"_links":{"self":[{"href":"https:\/\/blog.cancaonova.com\/paisecatequistas\/wp-json\/wp\/v2\/posts\/19917"}],"collection":[{"href":"https:\/\/blog.cancaonova.com\/paisecatequistas\/wp-json\/wp\/v2\/posts"}],"about":[{"href":"https:\/\/blog.cancaonova.com\/paisecatequistas\/wp-json\/wp\/v2\/types\/post"}],"author":[{"embeddable":true,"href":"https:\/\/blog.cancaonova.com\/paisecatequistas\/wp-json\/wp\/v2\/users\/4340"}],"replies":[{"embeddable":true,"href":"https:\/\/blog.cancaonova.com\/paisecatequistas\/wp-json\/wp\/v2\/comments?post=19917"}],"version-history":[{"count":6,"href":"https:\/\/blog.cancaonova.com\/paisecatequistas\/wp-json\/wp\/v2\/posts\/19917\/revisions"}],"predecessor-version":[{"id":20037,"href":"https:\/\/blog.cancaonova.com\/paisecatequistas\/wp-json\/wp\/v2\/posts\/19917\/revisions\/20037"}],"wp:featuredmedia":[{"embeddable":true,"href":"https:\/\/blog.cancaonova.com\/paisecatequistas\/wp-json\/wp\/v2\/media\/19918"}],"wp:attachment":[{"href":"https:\/\/blog.cancaonova.com\/paisecatequistas\/wp-json\/wp\/v2\/media?parent=19917"}],"wp:term":[{"taxonomy":"category","embeddable":true,"href":"https:\/\/blog.cancaonova.com\/paisecatequistas\/wp-json\/wp\/v2\/categories?post=19917"},{"taxonomy":"post_tag","embeddable":true,"href":"https:\/\/blog.cancaonova.com\/paisecatequistas\/wp-json\/wp\/v2\/tags?post=19917"}],"curies":[{"name":"wp","href":"https:\/\/api.w.org\/{rel}","templated":true}]}}