{"id":19940,"date":"2025-12-17T13:18:21","date_gmt":"2025-12-17T15:18:21","guid":{"rendered":"https:\/\/blog.cancaonova.com\/paisecatequistas\/?p=19940"},"modified":"2025-12-18T12:09:02","modified_gmt":"2025-12-18T14:09:02","slug":"o-ultimo-dos-profetas-como-explicar-sao-joao-batista-para-os-criancas","status":"publish","type":"post","link":"https:\/\/blog.cancaonova.com\/paisecatequistas\/o-ultimo-dos-profetas-como-explicar-sao-joao-batista-para-os-criancas\/","title":{"rendered":"O \u00faltimo dos profetas - Como explicar S\u00e3o Jo\u00e3o Batista para os crian\u00e7as"},"content":{"rendered":"<p data-path-to-node=\"3\">Voc\u00ea sabia que o nome <b>Jo\u00e3o<\/b> vem do hebraico <i>Yehokhanan<\/i>, que significa &#8220;Deus concede a gra\u00e7a&#8221;? J\u00e1 o t\u00edtulo <b>Batista<\/b> tem origem no grego <i>Baptistas<\/i>, que significa &#8220;aquele que mergulha&#8221; \u2014 um apelido que ele recebeu justamente por sua miss\u00e3o de batizar o povo.<\/p>\n<p data-path-to-node=\"4\">Conhe\u00e7a mais sobre a hist\u00f3ria e o legado do \u00faltimo profeta a anunciar a vinda de Jesus.<\/p>\n<h3>1. Origem e Parentesco<\/h3>\n<p>S\u00e3o Jo\u00e3o Batista e Jesus eram contempor\u00e2neos. Jo\u00e3o nasceu apenas seis meses antes do Messias. Ele era filho de <b>Santa Isabel<\/b>, que, por sua vez, era prima da <b>Virgem Maria<\/b>.<\/p>\n<p>J\u00e1 nas escrituras antigas, havia a profecia de que dois grandes homens viriam ao mundo:<\/p>\n<p><b>O primeiro:<\/b> Prepararia o caminho (Jo\u00e3o Batista).<\/p>\n<p><b>O segundo:<\/b> O pr\u00f3prio Senhor (Jesus).<\/p>\n<h3>2. A prega\u00e7\u00e3o no deserto<\/h3>\n<p>A miss\u00e3o de Jo\u00e3o come\u00e7ou no deserto da Judeia. Sua mensagem era clara e direta:<\/p>\n<p><i>\u201cConvertei-vos, pois o Reino de Deus est\u00e1 pr\u00f3ximo.\u201d<\/i><\/p>\n<p>Ele convocava o povo a mudar de vida, arrepender-se dos pecados e passar pelo <b>batismo com \u00e1gua,<\/b> como sinal de purifica\u00e7\u00e3o para aguardar o Messias.<\/p>\n<h3>3. O Batismo de Jesus<\/h3>\n<p>Aos 30 anos, Jesus foi ao encontro de Jo\u00e3o para ser batizado. Em um gesto de profunda humildade, Jo\u00e3o hesitou:<\/p>\n<p><b>A rea\u00e7\u00e3o de Jo\u00e3o:<\/b> \u201cN\u00e3o sou digno, o Senhor \u00e9 que deveria me batizar.\u201d<\/p>\n<p><b>A resposta de Jesus:<\/b> Insistiu no batismo, pois era a vontade de Deus.<\/p>\n<p>Ap\u00f3s este evento, Jo\u00e3o demonstrou sua grandeza ao pedir que seus pr\u00f3prios disc\u00edpulos passassem a seguir Jesus.<\/p>\n<h3>4. &#8220;Que Ele cres\u00e7a e eu diminua&#8221;<\/h3>\n<p>Muitos se perguntavam se Jo\u00e3o era o Messias. Com honestidade, ele sempre direcionava a gl\u00f3ria a Cristo:<\/p>\n<p><i>&#8220;Eu n\u00e3o sou digno de lhe desatar a correia das sand\u00e1lias.&#8221;<\/i><\/p>\n<p><i>&#8220;Eu vos batizo na \u00e1gua, Ele vos batizar\u00e1 no Esp\u00edrito Santo.&#8221;<\/i><\/p>\n<p><b><i>&#8220;Que Ele cres\u00e7a e eu diminua.&#8221;<\/i><\/b> (Lc 3,15 e Jo 3,30)<\/p>\n<h3>5. O Mart\u00edrio de Jo\u00e3o Batista<\/h3>\n<p>A miss\u00e3o de Jo\u00e3o era anunciar a Verdade, e foi por ela que ele deu a vida. Jo\u00e3o foi <b>decapitado pelo Rei Herodes<\/b> ap\u00f3s denunciar publicamente os pecados cometidos pelo monarca. Sua fidelidade a Deus foi mantida at\u00e9 o \u00faltimo suspiro.<\/p>\n<p>Ora\u00e7\u00e3o a S\u00e3o Jo\u00e3o Batista<\/p>\n<p>Que S\u00e3o Jo\u00e3o Batista interceda por cada um de n\u00f3s para anunciarmos a segunda vinda de Jesus. Que possamos ser santos, falando e vivendo a Verdade enquanto O esperamos.<\/p>\n<p><a href=\"http:\/\/blog.cancaonova.com\/paisecatequistas\/files\/2025\/12\/oracao.png\"><img loading=\"lazy\" decoding=\"async\" class=\"wp-image-19964 alignnone\" src=\"http:\/\/blog.cancaonova.com\/paisecatequistas\/files\/2025\/12\/oracao.png\" alt=\"\" width=\"1123\" height=\"632\" srcset=\"https:\/\/blog.cancaonova.com\/paisecatequistas\/files\/2025\/12\/oracao.png 1920w, https:\/\/blog.cancaonova.com\/paisecatequistas\/files\/2025\/12\/oracao-300x169.png 300w, https:\/\/blog.cancaonova.com\/paisecatequistas\/files\/2025\/12\/oracao-768x432.png 768w, https:\/\/blog.cancaonova.com\/paisecatequistas\/files\/2025\/12\/oracao-384x216.png 384w, https:\/\/blog.cancaonova.com\/paisecatequistas\/files\/2025\/12\/oracao-512x288.png 512w, https:\/\/blog.cancaonova.com\/paisecatequistas\/files\/2025\/12\/oracao-1024x576.png 1024w, https:\/\/blog.cancaonova.com\/paisecatequistas\/files\/2025\/12\/oracao-1536x864.png 1536w\" sizes=\"(max-width: 1123px) 100vw, 1123px\" \/><\/a><\/p>\n<p><b>S\u00e3o Jo\u00e3o Batista, rogai por n\u00f3s!<\/b><\/p>\n<h3 data-path-to-node=\"27\">Para memorizar<\/h3>\n<p><a href=\"http:\/\/blog.cancaonova.com\/paisecatequistas\/files\/2025\/12\/linha-do-tempo1.png\"><img loading=\"lazy\" decoding=\"async\" class=\"alignright size-full wp-image-19971\" src=\"http:\/\/blog.cancaonova.com\/paisecatequistas\/files\/2025\/12\/linha-do-tempo1.png\" alt=\"\" width=\"3307\" height=\"2539\" srcset=\"https:\/\/blog.cancaonova.com\/paisecatequistas\/files\/2025\/12\/linha-do-tempo1.png 3307w, https:\/\/blog.cancaonova.com\/paisecatequistas\/files\/2025\/12\/linha-do-tempo1-300x230.png 300w, https:\/\/blog.cancaonova.com\/paisecatequistas\/files\/2025\/12\/linha-do-tempo1-768x590.png 768w, https:\/\/blog.cancaonova.com\/paisecatequistas\/files\/2025\/12\/linha-do-tempo1-1536x1179.png 1536w, https:\/\/blog.cancaonova.com\/paisecatequistas\/files\/2025\/12\/linha-do-tempo1-2048x1572.png 2048w\" sizes=\"(max-width: 3307px) 100vw, 3307px\" \/><\/a><\/p>\n<p>&nbsp;<\/p>\n<h3>Vamos aprender brincando?<\/h3>\n<ol>\n<li><b>Din\u00e2mica &#8220;Limpando o Caminho&#8221; (Para crian\u00e7as de 4 a 8 anos):<\/b><\/li>\n<li data-path-to-node=\"23,0,0\"><b>Material:<\/b> Uma trilha desenhada no ch\u00e3o com obst\u00e1culos (pedras, pap\u00e9is amassados simbolizando pecados).<\/li>\n<li data-path-to-node=\"23,1,0\"><b>A\u00e7\u00e3o:<\/b> Pe\u00e7a para as crian\u00e7as retirarem os obst\u00e1culos enquanto repetem: <i>&#8220;Preparai o caminho do Senhor&#8221;<\/i>. Explique que Jo\u00e3o Batista ajudava as pessoas a tirar o &#8220;lixo&#8221; do cora\u00e7\u00e3o para Jesus entrar.<\/li>\n<li><b>\u00a0Atividade &#8220;O Gafanhoto e o Mel&#8221; (Experi\u00eancia Sensorial): <\/b>Leve um pouco de mel para as crian\u00e7as provarem e explique que a vida de Jo\u00e3o no deserto era simples. Fale sobre a <b>Temperan\u00e7a<\/b> (Catecismo \u00a71809): o equil\u00edbrio no uso dos bens criados.<\/li>\n<li data-path-to-node=\"7,0,0\"><b>Para os menores:<\/b>\u00a0Fa\u00e7a uma colagem de S\u00e3o Jo\u00e3o Batista usando peda\u00e7os de feltro ou estopa (para representar a roupa de pele de camelo) e mel real (para falar da sua alimenta\u00e7\u00e3o).<\/li>\n<li data-path-to-node=\"7,1,0\"><b>Din\u00e2mica da Verdade:<\/b> Jo\u00e3o Batista perdeu a cabe\u00e7a por falar a verdade. Fa\u00e7a um &#8220;Sem\u00e1foro da Verdade&#8221; com as crian\u00e7as, discutindo situa\u00e7\u00f5es do dia a dia onde \u00e9 dif\u00edcil ser honesto, mas necess\u00e1rio para seguir Jesus.<\/li>\n<li data-path-to-node=\"7,2,0\"><b>Momento de Ora\u00e7\u00e3o:<\/b> Leve uma bacia com \u00e1gua e deixe que as crian\u00e7as molhem as m\u00e3os, lembrando do seu pr\u00f3prio Batismo e da miss\u00e3o que Jo\u00e3o nos deixou de preparar o caminho para o Senhor em nossos cora\u00e7\u00f5es.<\/li>\n<li data-path-to-node=\"29,0,0\"><strong>Ora\u00e7\u00e3o em Fam\u00edlia<\/strong> &#8211; Use o exemplo de Santa Isabel e Maria. Mostre como a amizade entre as duas ajudou Jo\u00e3o e Jesus a cumprirem suas miss\u00f5es desde o ventre. Estimule as crian\u00e7as a rezarem pelos seus primos e amigos.<\/li>\n<\/ol>\n","protected":false},"excerpt":{"rendered":"<p>Voc\u00ea sabia que o nome Jo\u00e3o vem do hebraico Yehokhanan, que significa &#8220;Deus concede a gra\u00e7a&#8221;? J\u00e1 o t\u00edtulo Batista tem origem no grego Baptistas, que significa &#8220;aquele que mergulha&#8221; \u2014 um apelido que ele recebeu justamente por sua miss\u00e3o&#8230;<\/p>\n","protected":false},"author":4340,"featured_media":19949,"comment_status":"closed","ping_status":"closed","sticky":false,"template":"","format":"standard","meta":{"_mi_skip_tracking":false,"_monsterinsights_sitenote_active":false,"_monsterinsights_sitenote_note":"","_monsterinsights_sitenote_category":0,"footnotes":""},"categories":[200710],"tags":[289836,5011,289835,26984,721,18235,19413,19782],"_links":{"self":[{"href":"https:\/\/blog.cancaonova.com\/paisecatequistas\/wp-json\/wp\/v2\/posts\/19940"}],"collection":[{"href":"https:\/\/blog.cancaonova.com\/paisecatequistas\/wp-json\/wp\/v2\/posts"}],"about":[{"href":"https:\/\/blog.cancaonova.com\/paisecatequistas\/wp-json\/wp\/v2\/types\/post"}],"author":[{"embeddable":true,"href":"https:\/\/blog.cancaonova.com\/paisecatequistas\/wp-json\/wp\/v2\/users\/4340"}],"replies":[{"embeddable":true,"href":"https:\/\/blog.cancaonova.com\/paisecatequistas\/wp-json\/wp\/v2\/comments?post=19940"}],"version-history":[{"count":14,"href":"https:\/\/blog.cancaonova.com\/paisecatequistas\/wp-json\/wp\/v2\/posts\/19940\/revisions"}],"predecessor-version":[{"id":19972,"href":"https:\/\/blog.cancaonova.com\/paisecatequistas\/wp-json\/wp\/v2\/posts\/19940\/revisions\/19972"}],"wp:featuredmedia":[{"embeddable":true,"href":"https:\/\/blog.cancaonova.com\/paisecatequistas\/wp-json\/wp\/v2\/media\/19949"}],"wp:attachment":[{"href":"https:\/\/blog.cancaonova.com\/paisecatequistas\/wp-json\/wp\/v2\/media?parent=19940"}],"wp:term":[{"taxonomy":"category","embeddable":true,"href":"https:\/\/blog.cancaonova.com\/paisecatequistas\/wp-json\/wp\/v2\/categories?post=19940"},{"taxonomy":"post_tag","embeddable":true,"href":"https:\/\/blog.cancaonova.com\/paisecatequistas\/wp-json\/wp\/v2\/tags?post=19940"}],"curies":[{"name":"wp","href":"https:\/\/api.w.org\/{rel}","templated":true}]}}