{"id":19974,"date":"2025-12-29T09:42:25","date_gmt":"2025-12-29T11:42:25","guid":{"rendered":"https:\/\/blog.cancaonova.com\/paisecatequistas\/?p=19974"},"modified":"2025-12-29T10:06:40","modified_gmt":"2025-12-29T12:06:40","slug":"cantinho-da-crianca-especial-de-natal","status":"publish","type":"post","link":"https:\/\/blog.cancaonova.com\/paisecatequistas\/cantinho-da-crianca-especial-de-natal\/","title":{"rendered":"Cantinho da Crian\u00e7a Especial"},"content":{"rendered":"<p>Quem gosta de trocar presentes?<\/p>\n<p>Os sentinelas do Cantinho da Crian\u00e7a gostam muito, mas ser\u00e1 que eles caem nas &#8220;distra\u00e7\u00f5es&#8221; do Pirata Distra\u00e7\u00e3o?<\/p>\n<p>Vamos conferir?<\/p>\n<p><iframe loading=\"lazy\" title=\"Cantinho da Crian\u00c3\u00a7a I Troca presentes I Especial de Natal\" width=\"600\" height=\"338\" src=\"https:\/\/www.youtube.com\/embed\/68LjnAobbf8?feature=oembed&amp;rel=0\" frameborder=\"0\" allow=\"accelerometer; autoplay; clipboard-write; encrypted-media; gyroscope; picture-in-picture; web-share\" referrerpolicy=\"strict-origin-when-cross-origin\" allowfullscreen><\/iframe><\/p>\n","protected":false},"excerpt":{"rendered":"<p>Quem gosta de trocar presentes?\u00a0<\/p>\n<p>Os sentinelas do Cantinho da Crian\u00e7a gostam muito, mas dessa ser\u00e1 que eles caem nas &#8220;distra\u00e7\u00f5es&#8221; do Pirata Distra\u00e7\u00e3o?<\/p>\n<p>Vamos conferir? <a href=\"https:\/\/blog.cancaonova.com\/paisecatequistas\/cantinho-da-crianca-especial-de-natal\/\">Continue lendo <span class=\"meta-nav\">&rarr;<\/span><\/a><\/p>\n","protected":false},"author":4340,"featured_media":19975,"comment_status":"closed","ping_status":"closed","sticky":false,"template":"","format":"standard","meta":{"_mi_skip_tracking":false,"_monsterinsights_sitenote_active":false,"_monsterinsights_sitenote_note":"","_monsterinsights_sitenote_category":0,"footnotes":""},"categories":[200710],"tags":[],"_links":{"self":[{"href":"https:\/\/blog.cancaonova.com\/paisecatequistas\/wp-json\/wp\/v2\/posts\/19974"}],"collection":[{"href":"https:\/\/blog.cancaonova.com\/paisecatequistas\/wp-json\/wp\/v2\/posts"}],"about":[{"href":"https:\/\/blog.cancaonova.com\/paisecatequistas\/wp-json\/wp\/v2\/types\/post"}],"author":[{"embeddable":true,"href":"https:\/\/blog.cancaonova.com\/paisecatequistas\/wp-json\/wp\/v2\/users\/4340"}],"replies":[{"embeddable":true,"href":"https:\/\/blog.cancaonova.com\/paisecatequistas\/wp-json\/wp\/v2\/comments?post=19974"}],"version-history":[{"count":3,"href":"https:\/\/blog.cancaonova.com\/paisecatequistas\/wp-json\/wp\/v2\/posts\/19974\/revisions"}],"predecessor-version":[{"id":19979,"href":"https:\/\/blog.cancaonova.com\/paisecatequistas\/wp-json\/wp\/v2\/posts\/19974\/revisions\/19979"}],"wp:featuredmedia":[{"embeddable":true,"href":"https:\/\/blog.cancaonova.com\/paisecatequistas\/wp-json\/wp\/v2\/media\/19975"}],"wp:attachment":[{"href":"https:\/\/blog.cancaonova.com\/paisecatequistas\/wp-json\/wp\/v2\/media?parent=19974"}],"wp:term":[{"taxonomy":"category","embeddable":true,"href":"https:\/\/blog.cancaonova.com\/paisecatequistas\/wp-json\/wp\/v2\/categories?post=19974"},{"taxonomy":"post_tag","embeddable":true,"href":"https:\/\/blog.cancaonova.com\/paisecatequistas\/wp-json\/wp\/v2\/tags?post=19974"}],"curies":[{"name":"wp","href":"https:\/\/api.w.org\/{rel}","templated":true}]}}