{"id":19982,"date":"2025-12-29T11:24:19","date_gmt":"2025-12-29T13:24:19","guid":{"rendered":"https:\/\/blog.cancaonova.com\/paisecatequistas\/?p=19982"},"modified":"2025-12-29T12:38:47","modified_gmt":"2025-12-29T14:38:47","slug":"clipe-dai-almas","status":"publish","type":"post","link":"https:\/\/blog.cancaonova.com\/paisecatequistas\/clipe-dai-almas\/","title":{"rendered":"Clipe: Dai-me Almas"},"content":{"rendered":"<p data-start=\"242\" data-end=\"415\">Voc\u00ea sabia que Padre Jonas Abib tinha um pedido muito especial no cora\u00e7\u00e3o?<br \/>\n<br data-start=\"316\" data-end=\"319\" \/>Ele dizia: <strong data-start=\"330\" data-end=\"349\">\u201cDai-me almas!\u201d<\/strong> \u2014 ou seja, queria que muitas pessoas conhecessem e amassem Jesus.<\/p>\n<p data-start=\"417\" data-end=\"637\">Neste clipe do <strong data-start=\"432\" data-end=\"452\">Can\u00e7\u00e3o Nova Kids<\/strong>, as crian\u00e7as aprendem que evangelizar tamb\u00e9m \u00e9 coisa de crian\u00e7a! Com m\u00fasica, alegria e gestos simples de amor, elas mostram que todos n\u00f3s podemos ajudar Jesus a alcan\u00e7ar mais cora\u00e7\u00f5es.<\/p>\n<p data-start=\"760\" data-end=\"848\">Um convite para crian\u00e7as, fam\u00edlias e catequistas viverem juntos a miss\u00e3o de evangelizar!<\/p>\n<p><iframe loading=\"lazy\" title=\"Cantinho da Crian\u00c3\u00a7a I Dai-me Almas I Especial de Natal\" width=\"600\" height=\"338\" src=\"https:\/\/www.youtube.com\/embed\/DYcpnsJgT-s?feature=oembed&amp;rel=0\" frameborder=\"0\" allow=\"accelerometer; autoplay; clipboard-write; encrypted-media; gyroscope; picture-in-picture; web-share\" referrerpolicy=\"strict-origin-when-cross-origin\" allowfullscreen><\/iframe><\/p>\n","protected":false},"excerpt":{"rendered":"<p>Voc\u00ea sabia que Padre Jonas Abib tinha um pedido muito especial no cora\u00e7\u00e3o?<br \/>\nEle dizia: \u201cDai-me almas!\u201d \u2014 ou seja, queria que muitas pessoas conhecessem e amassem Jesus. <a href=\"https:\/\/blog.cancaonova.com\/paisecatequistas\/clipe-dai-almas\/\">Continue lendo <span class=\"meta-nav\">&rarr;<\/span><\/a><\/p>\n","protected":false},"author":4340,"featured_media":19983,"comment_status":"closed","ping_status":"closed","sticky":false,"template":"","format":"standard","meta":{"_mi_skip_tracking":false,"_monsterinsights_sitenote_active":false,"_monsterinsights_sitenote_note":"","_monsterinsights_sitenote_category":0,"footnotes":""},"categories":[200710],"tags":[5011,8001,289837,18235,16909,289838],"_links":{"self":[{"href":"https:\/\/blog.cancaonova.com\/paisecatequistas\/wp-json\/wp\/v2\/posts\/19982"}],"collection":[{"href":"https:\/\/blog.cancaonova.com\/paisecatequistas\/wp-json\/wp\/v2\/posts"}],"about":[{"href":"https:\/\/blog.cancaonova.com\/paisecatequistas\/wp-json\/wp\/v2\/types\/post"}],"author":[{"embeddable":true,"href":"https:\/\/blog.cancaonova.com\/paisecatequistas\/wp-json\/wp\/v2\/users\/4340"}],"replies":[{"embeddable":true,"href":"https:\/\/blog.cancaonova.com\/paisecatequistas\/wp-json\/wp\/v2\/comments?post=19982"}],"version-history":[{"count":3,"href":"https:\/\/blog.cancaonova.com\/paisecatequistas\/wp-json\/wp\/v2\/posts\/19982\/revisions"}],"predecessor-version":[{"id":19986,"href":"https:\/\/blog.cancaonova.com\/paisecatequistas\/wp-json\/wp\/v2\/posts\/19982\/revisions\/19986"}],"wp:featuredmedia":[{"embeddable":true,"href":"https:\/\/blog.cancaonova.com\/paisecatequistas\/wp-json\/wp\/v2\/media\/19983"}],"wp:attachment":[{"href":"https:\/\/blog.cancaonova.com\/paisecatequistas\/wp-json\/wp\/v2\/media?parent=19982"}],"wp:term":[{"taxonomy":"category","embeddable":true,"href":"https:\/\/blog.cancaonova.com\/paisecatequistas\/wp-json\/wp\/v2\/categories?post=19982"},{"taxonomy":"post_tag","embeddable":true,"href":"https:\/\/blog.cancaonova.com\/paisecatequistas\/wp-json\/wp\/v2\/tags?post=19982"}],"curies":[{"name":"wp","href":"https:\/\/api.w.org\/{rel}","templated":true}]}}