{"id":2005,"date":"2011-04-26T09:00:32","date_gmt":"2011-04-26T11:00:32","guid":{"rendered":"http:\/\/blog.cancaonova.com\/paisecatequistas\/?p=2005"},"modified":"2011-12-26T10:53:07","modified_gmt":"2011-12-26T12:53:07","slug":"a-festa-da-divina-misericordia","status":"publish","type":"post","link":"https:\/\/blog.cancaonova.com\/paisecatequistas\/a-festa-da-divina-misericordia\/","title":{"rendered":"A Festa da Divina Miseric\u00f3rdia"},"content":{"rendered":"<p style=\"text-align: justify\">A Festa da Divina Miseric\u00f3rdia que ocorre no primeiro domingo depois da P\u00e1scoa, estabelecida oficialmente como festa universal pelo Papa Jo\u00e3o Paulo II.<\/p>\n<p style=\"text-align: justify\"><em>&#8220;Por todo o mundo, o segundo Domingo da P\u00e1scoa ir\u00e1 receber o nome de Domingo da Divina Miseric\u00f3rdia, um convite perene para os crist\u00e3os do mundo enfrentarem, com confian\u00e7a na divina benevol\u00eancia, as dificuldades e desafios que a humanidade ir\u00e1 experimentar nos anos que vir\u00e3o&#8221;<\/em> (Congrega\u00e7\u00e3o para o Culto Divino e a Disciplina dos Sacramentos, Decreto de 23 de Maio de 2000).<\/p>\n<p style=\"text-align: justify\">Encontra suas origens em Santa Maria Faustina Kowalska,\u00a0\u00a0 que na d\u00e9cada de 30 obteve de Jesus, revela\u00e7\u00f5es ac\u00earca da institui\u00e7\u00e3o dessa festa no seio da Igreja, bem como profecias e manifesta\u00e7\u00f5es que o pr\u00f3prio Cristo mandou que as escrevesse e\u00a0 retransmitisse \u00e0 humanidade.\u00a0 Foi Jesus quem pediu a institui\u00e7\u00e3o da festa da Divina Miseric\u00f3rdia a Santa Faustina. Jesus se refere a ela 14 vezes, expressando o imenso desejo do Seu Cora\u00e7\u00e3o Misericordioso de distribuir, neste dia, as Suas gra\u00e7as.<\/p>\n<p style=\"text-align: justify\"><strong>&#8220;Nenhuma alma ter\u00e1 justifica\u00e7\u00e3o, enquanto n\u00e3o se dirigir, com confian\u00e7a, \u00e0 Minha miseric\u00f3rdia. E \u00e9 por isso que o primeiro domingo depois da P\u00e1scoa deve ser a Festa da Miseric\u00f3rdia\u201d<\/strong> (Di\u00e1rio, 570).<\/p>\n<p style=\"text-align: justify\">&#8220;<strong>Neste dia, est\u00e3o abertas as entranhas da Minha miseric\u00f3rdia. Derramo todo um mar de gra\u00e7as sobre as almas que se aproximam da fonte da Minha miseric\u00f3rdia;\u00a0\u00a0 a alma que se confessar e\u00a0 comungar alcan\u00e7ar\u00e1 o perd\u00e3o total das culpas e castigos; nesse dia est\u00e3o abertas\u00a0 todas as comportas Divinas, pelas quais fluem as\u00a0 gra\u00e7as; <\/strong><\/p>\n<p style=\"text-align: justify\"><strong>&#8220;Que nenhuma alma tenha medo de se aproximar de mim, ainda que seus pecados sejam como escarlate. A minha miseric\u00f3rdia \u00e9 t\u00e3o grande que por toda a eternidade n\u00e3o a aprofundar\u00e1 nenhuma mente, nem humana, nem ang\u00e9lica. Tudo que existe saiu das entranhas da minha miseric\u00f3rdia&#8221;<\/strong> (Di\u00e1rio, 699).<\/p>\n<p style=\"text-align: justify\">&#8220;<strong>Dize \u00e0 humanidade que sofre que se aproxime do meu cora\u00e7\u00e3o misericordioso, e eu a cumularei de paz (Di\u00e1rio 1074)<\/strong>Fonte: <a href=\"http:\/\/www.paginaoriente.com\/santos\/festadamisericordia.htm\">http:\/\/www.paginaoriente.com\/santos\/festadamisericordia.htm<\/a><\/p>\n","protected":false},"excerpt":{"rendered":"<p>A Festa da Divina Miseric\u00f3rdia que ocorre no primeiro domingo depois da P\u00e1scoa, estabelecida oficialmente como festa universal pelo Papa Jo\u00e3o Paulo II. &#8220;Por todo o mundo, o segundo Domingo da P\u00e1scoa ir\u00e1 receber o nome de Domingo da Divina&#8230;<\/p>\n","protected":false},"author":4414,"featured_media":0,"comment_status":"open","ping_status":"open","sticky":false,"template":"","format":"standard","meta":{"_mi_skip_tracking":false,"_monsterinsights_sitenote_active":false,"_monsterinsights_sitenote_note":"","_monsterinsights_sitenote_category":0,"footnotes":""},"categories":[23],"tags":[16125,17102,102484,102483,17234,16146],"_links":{"self":[{"href":"https:\/\/blog.cancaonova.com\/paisecatequistas\/wp-json\/wp\/v2\/posts\/2005"}],"collection":[{"href":"https:\/\/blog.cancaonova.com\/paisecatequistas\/wp-json\/wp\/v2\/posts"}],"about":[{"href":"https:\/\/blog.cancaonova.com\/paisecatequistas\/wp-json\/wp\/v2\/types\/post"}],"author":[{"embeddable":true,"href":"https:\/\/blog.cancaonova.com\/paisecatequistas\/wp-json\/wp\/v2\/users\/4414"}],"replies":[{"embeddable":true,"href":"https:\/\/blog.cancaonova.com\/paisecatequistas\/wp-json\/wp\/v2\/comments?post=2005"}],"version-history":[{"count":5,"href":"https:\/\/blog.cancaonova.com\/paisecatequistas\/wp-json\/wp\/v2\/posts\/2005\/revisions"}],"predecessor-version":[{"id":3505,"href":"https:\/\/blog.cancaonova.com\/paisecatequistas\/wp-json\/wp\/v2\/posts\/2005\/revisions\/3505"}],"wp:attachment":[{"href":"https:\/\/blog.cancaonova.com\/paisecatequistas\/wp-json\/wp\/v2\/media?parent=2005"}],"wp:term":[{"taxonomy":"category","embeddable":true,"href":"https:\/\/blog.cancaonova.com\/paisecatequistas\/wp-json\/wp\/v2\/categories?post=2005"},{"taxonomy":"post_tag","embeddable":true,"href":"https:\/\/blog.cancaonova.com\/paisecatequistas\/wp-json\/wp\/v2\/tags?post=2005"}],"curies":[{"name":"wp","href":"https:\/\/api.w.org\/{rel}","templated":true}]}}