{"id":2016,"date":"2011-06-03T09:00:53","date_gmt":"2011-06-03T11:00:53","guid":{"rendered":"http:\/\/blog.cancaonova.com\/paisecatequistas\/?p=2016"},"modified":"2011-12-22T14:42:14","modified_gmt":"2011-12-22T16:42:14","slug":"o-espirito-santo","status":"publish","type":"post","link":"https:\/\/blog.cancaonova.com\/paisecatequistas\/o-espirito-santo\/","title":{"rendered":"O Esp\u00edrito Santo"},"content":{"rendered":"<p>Na\u00a0tradi\u00e7\u00e3o Judaica, o Esp\u00edrito Santo se apresenta apenas a uma gera\u00e7\u00e3o digna, e a frequ\u00eancia das suas manifesta\u00e7\u00f5es \u00e9 proporcional \u00e0 retid\u00e3o.<\/p>\n<h2>Dons do Esp\u00edrito Santo<\/h2>\n<p>Dons do Esp\u00edrito Santo, segundo a B\u00edblia, s\u00e3o atributos proporcionados sobrenaturalmente aos crist\u00e3os pelo Esp\u00edrito Santo. Segundo o texto b\u00edblico da 1\u00aa carta de Paulo aos Cor\u00edntios[1], existem nove diferentes dons poss\u00edveis de serem alcan\u00e7ados pelo crist\u00e3o. Estes dons s\u00e3o postos em pr\u00e1tica em comunidades crist\u00e3s, independentemente de sua raz\u00e3o confessional, por pessoas reconhecidamente crist\u00e3s em sua f\u00e9 e pr\u00e1tica. Foram bastante importantes na igreja crist\u00e3 primitiva para a evangeliza\u00e7\u00e3o do mundo ent\u00e3o conhecido. Atualmente, verifica-se a utiliza\u00e7\u00e3o de tais dons nas igrejas protestantes pentecostais, neopentecostais e na renova\u00e7\u00e3o carism\u00e1tica, movimento que tem seu esteio na Igreja Cat\u00f3lica Apost\u00f3lica Romana.<\/p>\n<p>Dons do Esp\u00edrito Santo, s\u00e3o os dons que o Esp\u00edrito Santo entrega aos crist\u00e3os para o servi\u00e7o na igreja.<\/p>\n<p>\u00c9 uma express\u00e3o estudada na teologia crist\u00e3. Segundo o autor da Primeira Ep\u00edstola aos Cor\u00edntios, seria doado para o que fosse \u00fatil (12:7), e repartido a cada um segundo a vontade do Esp\u00edrito Santo (12:11); existindo diferentes tipos de dons.<\/p>\n<p>Fonte: <a href=\"http:\/\/wiki.cancaonova.com\/index.php\/Esp%C3%ADrito_Santo\">http:\/\/wiki.cancaonova.com\/index.php\/Esp%C3%ADrito_Santo<\/a><\/p>\n","protected":false},"excerpt":{"rendered":"<p>Na\u00a0tradi\u00e7\u00e3o Judaica, o Esp\u00edrito Santo se apresenta apenas a uma gera\u00e7\u00e3o digna, e a frequ\u00eancia das suas manifesta\u00e7\u00f5es \u00e9 proporcional \u00e0 retid\u00e3o. Dons do Esp\u00edrito Santo Dons do Esp\u00edrito Santo, segundo a B\u00edblia, s\u00e3o atributos proporcionados sobrenaturalmente aos crist\u00e3os pelo&#8230;<\/p>\n","protected":false},"author":4414,"featured_media":0,"comment_status":"open","ping_status":"open","sticky":false,"template":"","format":"standard","meta":{"_mi_skip_tracking":false,"_monsterinsights_sitenote_active":false,"_monsterinsights_sitenote_note":"","_monsterinsights_sitenote_category":0,"footnotes":""},"categories":[23],"tags":[34,16589,18689,31401,7761,24907],"_links":{"self":[{"href":"https:\/\/blog.cancaonova.com\/paisecatequistas\/wp-json\/wp\/v2\/posts\/2016"}],"collection":[{"href":"https:\/\/blog.cancaonova.com\/paisecatequistas\/wp-json\/wp\/v2\/posts"}],"about":[{"href":"https:\/\/blog.cancaonova.com\/paisecatequistas\/wp-json\/wp\/v2\/types\/post"}],"author":[{"embeddable":true,"href":"https:\/\/blog.cancaonova.com\/paisecatequistas\/wp-json\/wp\/v2\/users\/4414"}],"replies":[{"embeddable":true,"href":"https:\/\/blog.cancaonova.com\/paisecatequistas\/wp-json\/wp\/v2\/comments?post=2016"}],"version-history":[{"count":8,"href":"https:\/\/blog.cancaonova.com\/paisecatequistas\/wp-json\/wp\/v2\/posts\/2016\/revisions"}],"predecessor-version":[{"id":2191,"href":"https:\/\/blog.cancaonova.com\/paisecatequistas\/wp-json\/wp\/v2\/posts\/2016\/revisions\/2191"}],"wp:attachment":[{"href":"https:\/\/blog.cancaonova.com\/paisecatequistas\/wp-json\/wp\/v2\/media?parent=2016"}],"wp:term":[{"taxonomy":"category","embeddable":true,"href":"https:\/\/blog.cancaonova.com\/paisecatequistas\/wp-json\/wp\/v2\/categories?post=2016"},{"taxonomy":"post_tag","embeddable":true,"href":"https:\/\/blog.cancaonova.com\/paisecatequistas\/wp-json\/wp\/v2\/tags?post=2016"}],"curies":[{"name":"wp","href":"https:\/\/api.w.org\/{rel}","templated":true}]}}