{"id":20303,"date":"2026-04-02T11:52:37","date_gmt":"2026-04-02T13:52:37","guid":{"rendered":"https:\/\/blog.cancaonova.com\/paisecatequistas\/?p=20303"},"modified":"2026-04-23T10:21:18","modified_gmt":"2026-04-23T12:21:18","slug":"20303-2","status":"publish","type":"post","link":"https:\/\/blog.cancaonova.com\/paisecatequistas\/20303-2\/","title":{"rendered":"O profeta Jonas e a Miseric\u00f3rdia de Deus"},"content":{"rendered":"<p>Neste m\u00eas, os pequeninos ir\u00e3o aprender mais uma hist\u00f3ria famosa da B\u00edblia: a de Jonas e a Baleia. Voc\u00ea sabia que a hist\u00f3ria de Jonas \u00e9 o \u00fanico livro de um profeta que n\u00e3o \u00e9 sobre a sua profecia, mas sim sobre o pr\u00f3prio profeta?<\/p>\n<p>Al\u00e9m de aprender mais sobre ele e a import\u00e2ncia da sua hist\u00f3ria, as crian\u00e7as poder\u00e3o se divertir e aprender bastante com as historinhas, atividades e informa\u00e7\u00f5es sobre a nossa f\u00e9!<\/p>\n<p><iframe loading=\"lazy\" title=\"Revista Can\u00c3\u00a7\u00c3\u00a3o Nova Kids I Abril 2026\" width=\"600\" height=\"338\" src=\"https:\/\/www.youtube.com\/embed\/yuWFfdxqKlA?feature=oembed&amp;rel=0\" frameborder=\"0\" allow=\"accelerometer; autoplay; clipboard-write; encrypted-media; gyroscope; picture-in-picture; web-share\" referrerpolicy=\"strict-origin-when-cross-origin\" allowfullscreen><\/iframe><\/p>\n<p>Confira a pr\u00e9via de Abril =&gt;&gt;\u00a0<a href=\"https:\/\/img.cancaonova.com\/cnimages\/canais\/uploads\/sites\/12\/2026\/03\/Revista-173-Abril-2026-Site.pdf\" target=\"_blank\" rel=\"noopener\">Can\u00e7\u00e3o Nova Kids \u2013 Abril 2026<\/a><\/p>\n<p>Um conte\u00fado especial que diverte e evangeliza os pequeninos!<\/p>\n<p>Se voc\u00ea ainda n\u00e3o faz parte da nossa fam\u00edlia, acesse: <strong><a href=\"https:\/\/clube.cancaonova.com\/\" target=\"_blank\" rel=\"noopener\">Clube da Evangeliza\u00e7\u00e3o.<\/a><br \/>\nPela f\u00e9, somos fam\u00edlia!<\/strong><\/p>\n","protected":false},"excerpt":{"rendered":"<p>Neste m\u00eas, os pequeninos ir\u00e3o aprender mais uma hist\u00f3ria famosa da B\u00edblia: a de Jonas e a Baleia. Voc\u00ea sabia que a hist\u00f3ria de Jonas \u00e9 o \u00fanico livro de um profeta que n\u00e3o \u00e9 sobre a sua profecia, mas&#8230;<\/p>\n","protected":false},"author":4340,"featured_media":20304,"comment_status":"closed","ping_status":"closed","sticky":false,"template":"","format":"standard","meta":{"_mi_skip_tracking":false,"_monsterinsights_sitenote_active":false,"_monsterinsights_sitenote_note":"","_monsterinsights_sitenote_category":0,"footnotes":""},"categories":[200710],"tags":[12001,289869,6351,15792,7671,40,20666,18235,23224,15901,7361],"_links":{"self":[{"href":"https:\/\/blog.cancaonova.com\/paisecatequistas\/wp-json\/wp\/v2\/posts\/20303"}],"collection":[{"href":"https:\/\/blog.cancaonova.com\/paisecatequistas\/wp-json\/wp\/v2\/posts"}],"about":[{"href":"https:\/\/blog.cancaonova.com\/paisecatequistas\/wp-json\/wp\/v2\/types\/post"}],"author":[{"embeddable":true,"href":"https:\/\/blog.cancaonova.com\/paisecatequistas\/wp-json\/wp\/v2\/users\/4340"}],"replies":[{"embeddable":true,"href":"https:\/\/blog.cancaonova.com\/paisecatequistas\/wp-json\/wp\/v2\/comments?post=20303"}],"version-history":[{"count":5,"href":"https:\/\/blog.cancaonova.com\/paisecatequistas\/wp-json\/wp\/v2\/posts\/20303\/revisions"}],"predecessor-version":[{"id":20348,"href":"https:\/\/blog.cancaonova.com\/paisecatequistas\/wp-json\/wp\/v2\/posts\/20303\/revisions\/20348"}],"wp:featuredmedia":[{"embeddable":true,"href":"https:\/\/blog.cancaonova.com\/paisecatequistas\/wp-json\/wp\/v2\/media\/20304"}],"wp:attachment":[{"href":"https:\/\/blog.cancaonova.com\/paisecatequistas\/wp-json\/wp\/v2\/media?parent=20303"}],"wp:term":[{"taxonomy":"category","embeddable":true,"href":"https:\/\/blog.cancaonova.com\/paisecatequistas\/wp-json\/wp\/v2\/categories?post=20303"},{"taxonomy":"post_tag","embeddable":true,"href":"https:\/\/blog.cancaonova.com\/paisecatequistas\/wp-json\/wp\/v2\/tags?post=20303"}],"curies":[{"name":"wp","href":"https:\/\/api.w.org\/{rel}","templated":true}]}}