{"id":2046,"date":"2011-05-01T09:00:13","date_gmt":"2011-05-01T11:00:13","guid":{"rendered":"http:\/\/blog.cancaonova.com\/paisecatequistas\/?p=2046"},"modified":"2011-12-26T09:48:53","modified_gmt":"2011-12-26T11:48:53","slug":"beatificacao-do-papa-joao-paulo-ii","status":"publish","type":"post","link":"https:\/\/blog.cancaonova.com\/paisecatequistas\/beatificacao-do-papa-joao-paulo-ii\/","title":{"rendered":"Beatifica\u00e7\u00e3o do Jo\u00e3o Paulo II"},"content":{"rendered":"<h3 style=\"text-align: left\"><a href=\"http:\/\/blog.cancaonova.com\/paisecatequistas\/files\/2011\/04\/Papa-Joao-paulo.jpg\"><img loading=\"lazy\" decoding=\"async\" class=\"aligncenter size-full wp-image-2047\" src=\"http:\/\/blog.cancaonova.com\/paisecatequistas\/files\/2011\/04\/Papa-Joao-paulo.jpg\" alt=\"\" width=\"450\" height=\"350\" srcset=\"https:\/\/blog.cancaonova.com\/paisecatequistas\/files\/2011\/04\/Papa-Joao-paulo.jpg 450w, https:\/\/blog.cancaonova.com\/paisecatequistas\/files\/2011\/04\/Papa-Joao-paulo-300x233.jpg 300w\" sizes=\"(max-width: 450px) 100vw, 450px\" \/><\/a><\/h3>\n<h5 style=\"text-align: justify\">ORA\u00c7\u00c3O<br \/>\n\u00d3 Deus, rico de miseric\u00f3rdia,<br \/>\nque escolhestes o beato Jo\u00e3o Paulo II<br \/>\npara governar a Vossa Igreja como papa,<br \/>\nconcedei-nos que, instru\u00eddos pelos seus ensinamentos,<br \/>\npossamos abrir confiadamente os nossos cora\u00e7\u00f5es<br \/>\n\u00e0 gra\u00e7a salv\u00edfica de Cristo, \u00fanico Redentor do homem.<br \/>\nEle que convosco vive e reina, na unidade do Esp\u00edrito Santo,<br \/>\npor todos os s\u00e9culos dos s\u00e9culos.<a href=\"http:\/\/blog.cancaonova.com\/amigosdoceu\/files\/2011\/04\/pinekarol1.swf\"><\/a><\/h5>\n","protected":false},"excerpt":{"rendered":"<p>ORA\u00c7\u00c3O \u00d3 Deus, rico de miseric\u00f3rdia, que escolhestes o beato Jo\u00e3o Paulo II para governar a Vossa Igreja como papa, concedei-nos que, instru\u00eddos pelos seus ensinamentos, possamos abrir confiadamente os nossos cora\u00e7\u00f5es \u00e0 gra\u00e7a salv\u00edfica de Cristo, \u00fanico Redentor do&#8230;<\/p>\n","protected":false},"author":4414,"featured_media":0,"comment_status":"open","ping_status":"open","sticky":false,"template":"","format":"standard","meta":{"_mi_skip_tracking":false,"_monsterinsights_sitenote_active":false,"_monsterinsights_sitenote_note":"","_monsterinsights_sitenote_category":0,"footnotes":""},"categories":[23],"tags":[23192,17146,18989,32,2231,26529,102471],"_links":{"self":[{"href":"https:\/\/blog.cancaonova.com\/paisecatequistas\/wp-json\/wp\/v2\/posts\/2046"}],"collection":[{"href":"https:\/\/blog.cancaonova.com\/paisecatequistas\/wp-json\/wp\/v2\/posts"}],"about":[{"href":"https:\/\/blog.cancaonova.com\/paisecatequistas\/wp-json\/wp\/v2\/types\/post"}],"author":[{"embeddable":true,"href":"https:\/\/blog.cancaonova.com\/paisecatequistas\/wp-json\/wp\/v2\/users\/4414"}],"replies":[{"embeddable":true,"href":"https:\/\/blog.cancaonova.com\/paisecatequistas\/wp-json\/wp\/v2\/comments?post=2046"}],"version-history":[{"count":8,"href":"https:\/\/blog.cancaonova.com\/paisecatequistas\/wp-json\/wp\/v2\/posts\/2046\/revisions"}],"predecessor-version":[{"id":3496,"href":"https:\/\/blog.cancaonova.com\/paisecatequistas\/wp-json\/wp\/v2\/posts\/2046\/revisions\/3496"}],"wp:attachment":[{"href":"https:\/\/blog.cancaonova.com\/paisecatequistas\/wp-json\/wp\/v2\/media?parent=2046"}],"wp:term":[{"taxonomy":"category","embeddable":true,"href":"https:\/\/blog.cancaonova.com\/paisecatequistas\/wp-json\/wp\/v2\/categories?post=2046"},{"taxonomy":"post_tag","embeddable":true,"href":"https:\/\/blog.cancaonova.com\/paisecatequistas\/wp-json\/wp\/v2\/tags?post=2046"}],"curies":[{"name":"wp","href":"https:\/\/api.w.org\/{rel}","templated":true}]}}