{"id":20885,"date":"2026-09-04T09:54:03","date_gmt":"2026-09-04T12:54:03","guid":{"rendered":"https:\/\/blog.cancaonova.com\/paisecatequistas\/?p=20885"},"modified":"2026-09-04T10:10:14","modified_gmt":"2026-09-04T13:10:14","slug":"fe-se-vive-na-pratica","status":"publish","type":"post","link":"https:\/\/blog.cancaonova.com\/paisecatequistas\/fe-se-vive-na-pratica\/","title":{"rendered":"A f\u00e9 se vive na pr\u00e1tica"},"content":{"rendered":"<p data-path-to-node=\"1\">Ensinar aos pequenos que a f\u00e9 vai al\u00e9m das palavras e se transforma em atitudes di\u00e1rias \u00e9 o grande destaque da <b data-path-to-node=\"1\" data-index-in-node=\"111\">Revista Can\u00e7\u00e3o Nova Kids de setembro<\/b>. Inspirada no profeta Am\u00f3s, a nova edi\u00e7\u00e3o traz ferramentas pr\u00e1ticas para pais e catequistas mostrarem como viver a justi\u00e7a, o amor e a verdade no dia a dia.<\/p>\n<p><iframe loading=\"lazy\" title=\"Revista Can\u00c3\u00a7\u00c3\u00a3o Nova Kids | Setembro 2026\" width=\"600\" height=\"338\" src=\"https:\/\/www.youtube.com\/embed\/Ynh9LTMwTHs?feature=oembed&amp;rel=0\" frameborder=\"0\" allow=\"accelerometer; autoplay; clipboard-write; encrypted-media; gyroscope; picture-in-picture; web-share\" referrerpolicy=\"strict-origin-when-cross-origin\" allowfullscreen><\/iframe><\/p>\n<p data-path-to-node=\"2\"><b data-path-to-node=\"2\" data-index-in-node=\"0\">Destaques da edi\u00e7\u00e3o de setembro<\/b><\/p>\n<ul data-path-to-node=\"3\">\n<li>\n<p data-path-to-node=\"3,0,0\"><b data-path-to-node=\"3,0,0\" data-index-in-node=\"0\">A li\u00e7\u00e3o do Profeta Am\u00f3s:<\/b> Mostra que a f\u00e9 verdadeira exige cuidar do pr\u00f3ximo, denunciar injusti\u00e7as e praticar o bem.<\/p>\n<\/li>\n<li>\n<p data-path-to-node=\"3,1,0\"><b data-path-to-node=\"3,1,0\" data-index-in-node=\"0\">Leitura orante da B\u00edblia:<\/b> Um guia simples para ensinar as crian\u00e7as a lerem a Palavra de Deus como uma conversa com o Pai, e n\u00e3o apenas como leitura comum.<\/p>\n<\/li>\n<li>\n<p data-path-to-node=\"3,2,0\"><b data-path-to-node=\"3,2,0\" data-index-in-node=\"0\">Exemplo de santidade:<\/b> Hist\u00f3ria especial sobre S\u00e3o Domingos de Gusm\u00e3o para inspirar as crian\u00e7as.<\/p>\n<\/li>\n<li>\n<p data-path-to-node=\"3,3,0\"><b data-path-to-node=\"3,3,0\" data-index-in-node=\"0\">Atividades e Catequese:<\/b> Conte\u00fado din\u00e2mico com a catequese do Papa, desenhos para colorir e espa\u00e7o interativo com fotos e testemunhos dos S\u00f3cios Kids.<\/p>\n<\/li>\n<\/ul>\n<p data-path-to-node=\"4\"><b data-path-to-node=\"4\" data-index-in-node=\"0\">Evangeliza\u00e7\u00e3o constante para a sua fam\u00edlia<\/b><\/p>\n<p data-path-to-node=\"5\">Ao cadastrar uma crian\u00e7a no <b data-path-to-node=\"5\" data-index-in-node=\"28\">Clubinho Can\u00e7\u00e3o Nova Kids<\/b>, ela recebe, mensalmente e em casa, um material preparado exclusivamente para a forma\u00e7\u00e3o crist\u00e3 infantil. \u00c9 um apoio pedag\u00f3gico e espiritual valioso para auxiliar os pais na miss\u00e3o de educar na f\u00e9 e oferecer aos catequistas ideias pr\u00e1ticas para suas encontros.<\/p>\n<p data-path-to-node=\"5\"><b data-path-to-node=\"6\" data-index-in-node=\"0\">\u00a0Vamos trocar ideias!<\/b><\/p>\n<p data-path-to-node=\"7\">Como voc\u00ea ensina as crian\u00e7as da sua vida a colocarem a Palavra de Deus em pr\u00e1tica? Deixe seu coment\u00e1rio abaixo e compartilhe suas dicas com outros pais e catequistas.<\/p>\n<p class=\"isSelectedEnd\">E se voc\u00ea ainda n\u00e3o \u00e9 socio kids ou conhece algu\u00e9m que queira ser, clique \u00a0<a href=\"https:\/\/kids.cancaonova.com\/saiba-como-cadastrar-um-socio-kids\/\" target=\"_blank\" rel=\"noopener\">AQUI <\/a>\u00a0e saiba como.<\/p>\n<p class=\"isSelectedEnd\">Confira a pr\u00e9via da <a href=\"https:\/\/img.cancaonova.com\/cnimages\/canais\/uploads\/sites\/12\/2026\/08\/Revista-178-Setembro-2026Convite.pdf\" target=\"_blank\" rel=\"noopener\"><span class=\"text-token-text-primary cursor-text rounded-sm\" data-placeholder-token=\"true\">Revista Can\u00e7\u00e3o Nova Kids Setembro 2026<\/span><\/a><\/p>\n<p class=\"isSelectedEnd\">Uma edi\u00e7\u00e3o que ajuda os pequenos a descobrir que viver a f\u00e9 tamb\u00e9m significa amar, praticar a justi\u00e7a e deixar a Palavra de Deus transformar suas atitudes!<\/p>\n<p><strong>Por que aqui, n\u00f3s evangelizamos brincando.\u00a0<\/strong><\/p>\n","protected":false},"excerpt":{"rendered":"<p>Ensinar aos pequenos que a f\u00e9 vai al\u00e9m das palavras e se transforma em atitudes di\u00e1rias \u00e9 o grande destaque da Revista Can\u00e7\u00e3o Nova Kids de setembro. Inspirada no profeta Am\u00f3s, a nova edi\u00e7\u00e3o traz ferramentas pr\u00e1ticas para pais e catequistas mostrarem como viver a justi\u00e7a, o amor e a verdade no dia a dia. <a href=\"https:\/\/blog.cancaonova.com\/paisecatequistas\/fe-se-vive-na-pratica\/\">Continue lendo <span class=\"meta-nav\">&rarr;<\/span><\/a><\/p>\n","protected":false},"author":4340,"featured_media":20888,"comment_status":"closed","ping_status":"closed","sticky":false,"template":"","format":"standard","meta":{"_mi_skip_tracking":false,"_monsterinsights_sitenote_active":false,"_monsterinsights_sitenote_note":"","_monsterinsights_sitenote_category":0,"footnotes":""},"categories":[200710],"tags":[289903,45592,34,16619,15521,26984,8001,40,18235,19413,23224,20206],"_links":{"self":[{"href":"https:\/\/blog.cancaonova.com\/paisecatequistas\/wp-json\/wp\/v2\/posts\/20885"}],"collection":[{"href":"https:\/\/blog.cancaonova.com\/paisecatequistas\/wp-json\/wp\/v2\/posts"}],"about":[{"href":"https:\/\/blog.cancaonova.com\/paisecatequistas\/wp-json\/wp\/v2\/types\/post"}],"author":[{"embeddable":true,"href":"https:\/\/blog.cancaonova.com\/paisecatequistas\/wp-json\/wp\/v2\/users\/4340"}],"replies":[{"embeddable":true,"href":"https:\/\/blog.cancaonova.com\/paisecatequistas\/wp-json\/wp\/v2\/comments?post=20885"}],"version-history":[{"count":4,"href":"https:\/\/blog.cancaonova.com\/paisecatequistas\/wp-json\/wp\/v2\/posts\/20885\/revisions"}],"predecessor-version":[{"id":20892,"href":"https:\/\/blog.cancaonova.com\/paisecatequistas\/wp-json\/wp\/v2\/posts\/20885\/revisions\/20892"}],"wp:featuredmedia":[{"embeddable":true,"href":"https:\/\/blog.cancaonova.com\/paisecatequistas\/wp-json\/wp\/v2\/media\/20888"}],"wp:attachment":[{"href":"https:\/\/blog.cancaonova.com\/paisecatequistas\/wp-json\/wp\/v2\/media?parent=20885"}],"wp:term":[{"taxonomy":"category","embeddable":true,"href":"https:\/\/blog.cancaonova.com\/paisecatequistas\/wp-json\/wp\/v2\/categories?post=20885"},{"taxonomy":"post_tag","embeddable":true,"href":"https:\/\/blog.cancaonova.com\/paisecatequistas\/wp-json\/wp\/v2\/tags?post=20885"}],"curies":[{"name":"wp","href":"https:\/\/api.w.org\/{rel}","templated":true}]}}