{"id":2098,"date":"2016-05-24T08:00:56","date_gmt":"2016-05-24T10:00:56","guid":{"rendered":"http:\/\/blog.cancaonova.com\/paisecatequistas\/?p=2098"},"modified":"2021-05-19T12:29:16","modified_gmt":"2021-05-19T14:29:16","slug":"nossa-senhora-auxiliadora","status":"publish","type":"post","link":"https:\/\/blog.cancaonova.com\/paisecatequistas\/nossa-senhora-auxiliadora\/","title":{"rendered":"Nossa Senhora Auxiliadora"},"content":{"rendered":"<h4>Dia 24 de maio comemoramos Nossa Senhora Auxiliadora<\/h4>\n<h4><a href=\"http:\/\/blog.cancaonova.com\/paisecatequistas\/files\/2011\/04\/nossa-senhora-auxiliadora-para-colorir1.jpg\"><img loading=\"lazy\" decoding=\"async\" class=\"aligncenter size-full wp-image-2100\" src=\"http:\/\/blog.cancaonova.com\/paisecatequistas\/files\/2011\/04\/nossa-senhora-auxiliadora-colorida.jpg\" alt=\"\" width=\"400\" height=\"723\" \/><\/a><\/h4>\n<h4>\u201cTodas as gera\u00e7\u00f5es me chamar\u00e3o de Bem-aventurada porque fez em mim grandes coisas o Poderoso\u201d (Lc 1, 48)<\/h4>\n<h4 style=\"text-align: justify\">Dom Bosco ensinou a todos da fam\u00edlia Salesiana a amar Nossa Senhora Auxiliadora. O amor dele pela Virgem Auxiliadora ficou t\u00e3o conhecido ao ponto dela ser conhecida tamb\u00e9m como a \u201cVirgem de Dom Bosco\u201d.<br \/>\nClique na imagem da M\u00e3e Auxiliadora para imprimir o desenho e colorir.<\/h4>\n","protected":false},"excerpt":{"rendered":"<p>Dia 24 de maio comemoramos Nossa Senhora Auxiliadora \u201cTodas as gera\u00e7\u00f5es me chamar\u00e3o de Bem-aventurada porque fez em mim grandes coisas o Poderoso\u201d (Lc 1, 48) Dom Bosco ensinou a todos da fam\u00edlia Salesiana a amar Nossa Senhora Auxiliadora. O&#8230;<\/p>\n","protected":false},"author":4414,"featured_media":0,"comment_status":"open","ping_status":"open","sticky":false,"template":"","format":"standard","meta":{"_mi_skip_tracking":false,"_monsterinsights_sitenote_active":false,"_monsterinsights_sitenote_note":"","_monsterinsights_sitenote_category":0,"footnotes":""},"categories":[16089],"tags":[102440,63025,19547,102436,27271,102438],"_links":{"self":[{"href":"https:\/\/blog.cancaonova.com\/paisecatequistas\/wp-json\/wp\/v2\/posts\/2098"}],"collection":[{"href":"https:\/\/blog.cancaonova.com\/paisecatequistas\/wp-json\/wp\/v2\/posts"}],"about":[{"href":"https:\/\/blog.cancaonova.com\/paisecatequistas\/wp-json\/wp\/v2\/types\/post"}],"author":[{"embeddable":true,"href":"https:\/\/blog.cancaonova.com\/paisecatequistas\/wp-json\/wp\/v2\/users\/4414"}],"replies":[{"embeddable":true,"href":"https:\/\/blog.cancaonova.com\/paisecatequistas\/wp-json\/wp\/v2\/comments?post=2098"}],"version-history":[{"count":7,"href":"https:\/\/blog.cancaonova.com\/paisecatequistas\/wp-json\/wp\/v2\/posts\/2098\/revisions"}],"predecessor-version":[{"id":5900,"href":"https:\/\/blog.cancaonova.com\/paisecatequistas\/wp-json\/wp\/v2\/posts\/2098\/revisions\/5900"}],"wp:attachment":[{"href":"https:\/\/blog.cancaonova.com\/paisecatequistas\/wp-json\/wp\/v2\/media?parent=2098"}],"wp:term":[{"taxonomy":"category","embeddable":true,"href":"https:\/\/blog.cancaonova.com\/paisecatequistas\/wp-json\/wp\/v2\/categories?post=2098"},{"taxonomy":"post_tag","embeddable":true,"href":"https:\/\/blog.cancaonova.com\/paisecatequistas\/wp-json\/wp\/v2\/tags?post=2098"}],"curies":[{"name":"wp","href":"https:\/\/api.w.org\/{rel}","templated":true}]}}