{"id":219,"date":"2024-05-02T08:00:03","date_gmt":"2024-05-02T10:00:03","guid":{"rendered":"http:\/\/blog.cancaonova.com\/paisecatequistas\/?p=219"},"modified":"2024-04-25T14:30:03","modified_gmt":"2024-04-25T16:30:03","slug":"maio-um-mes-especial","status":"publish","type":"post","link":"https:\/\/blog.cancaonova.com\/paisecatequistas\/maio-um-mes-especial\/","title":{"rendered":"Maio, um m\u00eas especial!"},"content":{"rendered":"<h4><span style=\"color: #0000ff\"><strong><em>&#8220;Na Can\u00e7\u00e3o Nova, foi Ela quem tudo fez e faz&#8221; &#8211;<\/em>\u00a0 Padre Jonas Abib<\/strong><\/span><\/h4>\n<p style=\"text-align: justify\">Na Can\u00e7\u00e3o Nova, vivemos a experi\u00eancia de pedir a Nossa Senhora que passe a frente de todas as coisas que fazemos; na apresenta\u00e7\u00e3o de um programa, antes de uma prega\u00e7\u00e3o, no vencimento de uma conta, na educa\u00e7\u00e3o dos filhos, nas situa\u00e7\u00f5es dif\u00edceis que temos para resolver&#8230; e assim vamos pedindo a intercess\u00e3o de Nossa Senhora em tudo que fazemos.<\/p>\n<h4><span style=\"color: #0000ff\"><strong>Vamos ensinar isso \u00e0s nossas crian\u00e7as?<\/strong><\/span><\/h4>\n<p style=\"text-align: justify\">Neste m\u00eas, quero convid\u00e1-los a viver\u00a0com a Can\u00e7\u00e3o Nova essa experi\u00eancia, deixar que a M\u00e3e de Deus cuide de todas as coisas. Tenho a certeza de que voc\u00ea far\u00e1 uma experi\u00eancia &#8220;Nova&#8221; com Nossa Senhora.<\/p>\n<p><iframe loading=\"lazy\" title=\"Her\u00c3\u00b3is do Esp\u00c3\u00adrito Santo  - Os livros queimados\" width=\"600\" height=\"338\" src=\"https:\/\/www.youtube.com\/embed\/SBUnkbIv7b8?list=PLNlRgLhNKHifrs4Seg3tbXXkRz9CagfyL&amp;rel=0\" frameborder=\"0\" allow=\"accelerometer; autoplay; clipboard-write; encrypted-media; gyroscope; picture-in-picture; web-share\" referrerpolicy=\"strict-origin-when-cross-origin\" allowfullscreen><\/iframe><\/p>\n<p><a href=\"http:\/\/blog.cancaonova.com\/paisecatequistas\/files\/2023\/05\/Nossa-Senhora-Auxiliadora.png\"><img loading=\"lazy\" decoding=\"async\" class=\" wp-image-17282 alignnone\" src=\"http:\/\/blog.cancaonova.com\/paisecatequistas\/files\/2023\/05\/Nossa-Senhora-Auxiliadora.png\" alt=\"\" width=\"587\" height=\"587\" srcset=\"https:\/\/blog.cancaonova.com\/paisecatequistas\/files\/2023\/05\/Nossa-Senhora-Auxiliadora.png 1000w, https:\/\/blog.cancaonova.com\/paisecatequistas\/files\/2023\/05\/Nossa-Senhora-Auxiliadora-150x150.png 150w, https:\/\/blog.cancaonova.com\/paisecatequistas\/files\/2023\/05\/Nossa-Senhora-Auxiliadora-300x300.png 300w, https:\/\/blog.cancaonova.com\/paisecatequistas\/files\/2023\/05\/Nossa-Senhora-Auxiliadora-768x768.png 768w\" sizes=\"(max-width: 587px) 100vw, 587px\" \/><\/a><\/p>\n<p><a href=\"https:\/\/blog.cancaonova.com\/paisecatequistas\/files\/2024\/04\/nossa-senhora-e-padre-jonas.pdf\"><img loading=\"lazy\" decoding=\"async\" class=\" wp-image-17284 alignnone\" src=\"http:\/\/blog.cancaonova.com\/paisecatequistas\/files\/2023\/05\/66.17.png\" alt=\"\" width=\"588\" height=\"868\" srcset=\"https:\/\/blog.cancaonova.com\/paisecatequistas\/files\/2023\/05\/66.17.png 445w, https:\/\/blog.cancaonova.com\/paisecatequistas\/files\/2023\/05\/66.17-203x300.png 203w\" sizes=\"(max-width: 588px) 100vw, 588px\" \/><\/a><\/p>\n","protected":false},"excerpt":{"rendered":"<p>&#8220;Na Can\u00e7\u00e3o Nova, foi Ela quem tudo fez e faz&#8221; &#8211;\u00a0 Padre Jonas Abib Na Can\u00e7\u00e3o Nova, vivemos a experi\u00eancia de pedir a Nossa Senhora que passe a frente de todas as coisas que fazemos; na apresenta\u00e7\u00e3o de um programa,&#8230;<\/p>\n","protected":false},"author":4340,"featured_media":13445,"comment_status":"open","ping_status":"open","sticky":false,"template":"","format":"standard","meta":{"_mi_skip_tracking":false,"_monsterinsights_sitenote_active":false,"_monsterinsights_sitenote_note":"","_monsterinsights_sitenote_category":0,"footnotes":""},"categories":[200710],"tags":[6351,851,721,72041,22954,17187],"_links":{"self":[{"href":"https:\/\/blog.cancaonova.com\/paisecatequistas\/wp-json\/wp\/v2\/posts\/219"}],"collection":[{"href":"https:\/\/blog.cancaonova.com\/paisecatequistas\/wp-json\/wp\/v2\/posts"}],"about":[{"href":"https:\/\/blog.cancaonova.com\/paisecatequistas\/wp-json\/wp\/v2\/types\/post"}],"author":[{"embeddable":true,"href":"https:\/\/blog.cancaonova.com\/paisecatequistas\/wp-json\/wp\/v2\/users\/4340"}],"replies":[{"embeddable":true,"href":"https:\/\/blog.cancaonova.com\/paisecatequistas\/wp-json\/wp\/v2\/comments?post=219"}],"version-history":[{"count":18,"href":"https:\/\/blog.cancaonova.com\/paisecatequistas\/wp-json\/wp\/v2\/posts\/219\/revisions"}],"predecessor-version":[{"id":17286,"href":"https:\/\/blog.cancaonova.com\/paisecatequistas\/wp-json\/wp\/v2\/posts\/219\/revisions\/17286"}],"wp:featuredmedia":[{"embeddable":true,"href":"https:\/\/blog.cancaonova.com\/paisecatequistas\/wp-json\/wp\/v2\/media\/13445"}],"wp:attachment":[{"href":"https:\/\/blog.cancaonova.com\/paisecatequistas\/wp-json\/wp\/v2\/media?parent=219"}],"wp:term":[{"taxonomy":"category","embeddable":true,"href":"https:\/\/blog.cancaonova.com\/paisecatequistas\/wp-json\/wp\/v2\/categories?post=219"},{"taxonomy":"post_tag","embeddable":true,"href":"https:\/\/blog.cancaonova.com\/paisecatequistas\/wp-json\/wp\/v2\/tags?post=219"}],"curies":[{"name":"wp","href":"https:\/\/api.w.org\/{rel}","templated":true}]}}