{"id":2206,"date":"2015-05-22T09:30:46","date_gmt":"2015-05-22T11:30:46","guid":{"rendered":"http:\/\/blog.cancaonova.com\/paisecatequistas\/?p=2206"},"modified":"2015-05-22T10:26:24","modified_gmt":"2015-05-22T12:26:24","slug":"santa-rita-de-cassia","status":"publish","type":"post","link":"https:\/\/blog.cancaonova.com\/paisecatequistas\/santa-rita-de-cassia\/","title":{"rendered":"Santa Rita de C\u00e1ssia"},"content":{"rendered":"<p style=\"text-align: justify\">Dia 22 \u00e9 dia de Santa Rita de C\u00e1ssia.<\/p>\n<p style=\"text-align: justify\"><a href=\"http:\/\/blog.cancaonova.com\/paisecatequistas\/files\/2011\/05\/santa-Rita-_-tia-Adelita1.png\"><img loading=\"lazy\" decoding=\"async\" class=\"aligncenter size-full wp-image-5896\" src=\"http:\/\/blog.cancaonova.com\/paisecatequistas\/files\/2011\/05\/santa-Rita-_-tia-Adelita1.png\" alt=\"\" width=\"236\" height=\"420\" srcset=\"https:\/\/blog.cancaonova.com\/paisecatequistas\/files\/2011\/05\/santa-Rita-_-tia-Adelita1.png 236w, https:\/\/blog.cancaonova.com\/paisecatequistas\/files\/2011\/05\/santa-Rita-_-tia-Adelita1-168x300.png 168w\" sizes=\"(max-width: 236px) 100vw, 236px\" \/><\/a><\/p>\n<p style=\"text-align: justify\">Voc\u00ea j\u00e1 ouviu falar se santa Rita de C\u00e1ssia? E conhe\u00e7e sua hist\u00f3ria?<br \/>\nVoc\u00ea sabia que santa Rita foi solteira, depois de casou teve filhos ficou\u00a0vi\u00fava e depois entrou para a vida religiosa?<br \/>\nPara Deus nada \u00e9 impossivel e Santa Clara provou isso&#8230;<br \/>\nPara provar sua vontade,foi passado que Rita que regasse diariamente, um ramo seco de videira. Assim Rita o fez todos os dias por um bom tempo. As outras pessoas no convento observavam com ir\u00f4nicos sorrisos. At\u00e9 que um dia o ramo verdejou e floresceu numa vi\u00e7osa videira.<\/p>\n<p style=\"text-align: justify\">Para conhecer melhor sua hist\u00f3ria acesse: <a href=\"http:\/\/blog.cancaonova.com\/amigosdoceu\/2013\/02\/06\/santa-rita\/\">http:\/\/blog.cancaonova.com\/amigosdoceu\/2013\/02\/06\/santa-rita\/<\/a><\/p>\n<p style=\"text-align: justify\"><a href=\"http:\/\/blog.cancaonova.com\/paisecatequistas\/files\/2011\/05\/santa-rita.jpg\">Vamos colorir<\/a><a href=\"http:\/\/blog.cancaonova.com\/paisecatequistas\/files\/2011\/05\/santa-Rita-colorir-_-tia-Adelita11.jpg\"><img loading=\"lazy\" decoding=\"async\" class=\"aligncenter size-full wp-image-5898\" src=\"http:\/\/blog.cancaonova.com\/paisecatequistas\/files\/2011\/05\/santa-Rita-colorir-_-tia-Adelita11.jpg\" alt=\"\" width=\"236\" height=\"420\" srcset=\"https:\/\/blog.cancaonova.com\/paisecatequistas\/files\/2011\/05\/santa-Rita-colorir-_-tia-Adelita11.jpg 236w, https:\/\/blog.cancaonova.com\/paisecatequistas\/files\/2011\/05\/santa-Rita-colorir-_-tia-Adelita11-168x300.jpg 168w\" sizes=\"(max-width: 236px) 100vw, 236px\" \/><\/a><\/p>\n","protected":false},"excerpt":{"rendered":"<p>Dia 22 \u00e9 dia de Santa Rita de C\u00e1ssia. Voc\u00ea j\u00e1 ouviu falar se santa Rita de C\u00e1ssia? E conhe\u00e7e sua hist\u00f3ria? Voc\u00ea sabia que santa Rita foi solteira, depois de casou teve filhos ficou\u00a0vi\u00fava e depois entrou para a&#8230;<\/p>\n","protected":false},"author":4414,"featured_media":0,"comment_status":"open","ping_status":"open","sticky":false,"template":"","format":"standard","meta":{"_mi_skip_tracking":false,"_monsterinsights_sitenote_active":false,"_monsterinsights_sitenote_note":"","_monsterinsights_sitenote_category":0,"footnotes":""},"categories":[23],"tags":[97465,15975,3,19040,24039,102444],"_links":{"self":[{"href":"https:\/\/blog.cancaonova.com\/paisecatequistas\/wp-json\/wp\/v2\/posts\/2206"}],"collection":[{"href":"https:\/\/blog.cancaonova.com\/paisecatequistas\/wp-json\/wp\/v2\/posts"}],"about":[{"href":"https:\/\/blog.cancaonova.com\/paisecatequistas\/wp-json\/wp\/v2\/types\/post"}],"author":[{"embeddable":true,"href":"https:\/\/blog.cancaonova.com\/paisecatequistas\/wp-json\/wp\/v2\/users\/4414"}],"replies":[{"embeddable":true,"href":"https:\/\/blog.cancaonova.com\/paisecatequistas\/wp-json\/wp\/v2\/comments?post=2206"}],"version-history":[{"count":8,"href":"https:\/\/blog.cancaonova.com\/paisecatequistas\/wp-json\/wp\/v2\/posts\/2206\/revisions"}],"predecessor-version":[{"id":7281,"href":"https:\/\/blog.cancaonova.com\/paisecatequistas\/wp-json\/wp\/v2\/posts\/2206\/revisions\/7281"}],"wp:attachment":[{"href":"https:\/\/blog.cancaonova.com\/paisecatequistas\/wp-json\/wp\/v2\/media?parent=2206"}],"wp:term":[{"taxonomy":"category","embeddable":true,"href":"https:\/\/blog.cancaonova.com\/paisecatequistas\/wp-json\/wp\/v2\/categories?post=2206"},{"taxonomy":"post_tag","embeddable":true,"href":"https:\/\/blog.cancaonova.com\/paisecatequistas\/wp-json\/wp\/v2\/tags?post=2206"}],"curies":[{"name":"wp","href":"https:\/\/api.w.org\/{rel}","templated":true}]}}