{"id":2260,"date":"2011-06-14T08:00:51","date_gmt":"2011-06-14T10:00:51","guid":{"rendered":"http:\/\/blog.cancaonova.com\/paisecatequistas\/?p=2260"},"modified":"2011-12-20T14:11:39","modified_gmt":"2011-12-20T16:11:39","slug":"2260","status":"publish","type":"post","link":"https:\/\/blog.cancaonova.com\/paisecatequistas\/2260\/","title":{"rendered":"Refletindo"},"content":{"rendered":"<p>Ol\u00e1 pais e catequistas!<\/p>\n<p>Vamos incentivar nossos catequizandos \u00a0a praticarem boas a\u00e7\u00f5es, pois o resultado \u00e9 imensamente bom !!<\/p>\n<p><a href=\"http:\/\/blog.cancaonova.com\/paisecatequistas\/files\/2011\/06\/Ser-Catequista-slide-2.jpg\"><img loading=\"lazy\" decoding=\"async\" class=\"aligncenter size-medium wp-image-2261\" src=\"http:\/\/blog.cancaonova.com\/paisecatequistas\/files\/2011\/06\/Ser-Catequista-slide-2-300x225.jpg\" alt=\"\" width=\"300\" height=\"225\" srcset=\"https:\/\/blog.cancaonova.com\/paisecatequistas\/files\/2011\/06\/Ser-Catequista-slide-2-300x225.jpg 300w, https:\/\/blog.cancaonova.com\/paisecatequistas\/files\/2011\/06\/Ser-Catequista-slide-2.jpg 960w\" sizes=\"(max-width: 300px) 100vw, 300px\" \/><\/a><a href=\"http:\/\/\" target=\"_blank\">Fonte:<\/a><\/p>\n","protected":false},"excerpt":{"rendered":"<p>Ol\u00e1 pais e catequistas! Vamos incentivar nossos catequizandos \u00a0a praticarem boas a\u00e7\u00f5es, pois o resultado \u00e9 imensamente bom !! Fonte:<\/p>\n","protected":false},"author":4340,"featured_media":0,"comment_status":"open","ping_status":"open","sticky":false,"template":"","format":"standard","meta":{"_mi_skip_tracking":false,"_monsterinsights_sitenote_active":false,"_monsterinsights_sitenote_note":"","_monsterinsights_sitenote_category":0,"footnotes":""},"categories":[23],"tags":[18569,21014,92384,102413,102411,17570],"_links":{"self":[{"href":"https:\/\/blog.cancaonova.com\/paisecatequistas\/wp-json\/wp\/v2\/posts\/2260"}],"collection":[{"href":"https:\/\/blog.cancaonova.com\/paisecatequistas\/wp-json\/wp\/v2\/posts"}],"about":[{"href":"https:\/\/blog.cancaonova.com\/paisecatequistas\/wp-json\/wp\/v2\/types\/post"}],"author":[{"embeddable":true,"href":"https:\/\/blog.cancaonova.com\/paisecatequistas\/wp-json\/wp\/v2\/users\/4340"}],"replies":[{"embeddable":true,"href":"https:\/\/blog.cancaonova.com\/paisecatequistas\/wp-json\/wp\/v2\/comments?post=2260"}],"version-history":[{"count":7,"href":"https:\/\/blog.cancaonova.com\/paisecatequistas\/wp-json\/wp\/v2\/posts\/2260\/revisions"}],"predecessor-version":[{"id":2263,"href":"https:\/\/blog.cancaonova.com\/paisecatequistas\/wp-json\/wp\/v2\/posts\/2260\/revisions\/2263"}],"wp:attachment":[{"href":"https:\/\/blog.cancaonova.com\/paisecatequistas\/wp-json\/wp\/v2\/media?parent=2260"}],"wp:term":[{"taxonomy":"category","embeddable":true,"href":"https:\/\/blog.cancaonova.com\/paisecatequistas\/wp-json\/wp\/v2\/categories?post=2260"},{"taxonomy":"post_tag","embeddable":true,"href":"https:\/\/blog.cancaonova.com\/paisecatequistas\/wp-json\/wp\/v2\/tags?post=2260"}],"curies":[{"name":"wp","href":"https:\/\/api.w.org\/{rel}","templated":true}]}}