{"id":2345,"date":"2011-08-10T09:00:23","date_gmt":"2011-08-10T11:00:23","guid":{"rendered":"http:\/\/blog.cancaonova.com\/paisecatequistas\/?p=2345"},"modified":"2011-12-15T17:18:15","modified_gmt":"2011-12-15T19:18:15","slug":"evangelho-para-colorir-8","status":"publish","type":"post","link":"https:\/\/blog.cancaonova.com\/paisecatequistas\/evangelho-para-colorir-8\/","title":{"rendered":"Evangelho para colorir"},"content":{"rendered":"<p>Bom dia pais e catequistas.<\/p>\n<p>Um lindo desenho para os catequizandos conhecerem o \u00a0evangelho atrav\u00e9s de ilustra\u00e7\u00f5es.<\/p>\n<p>Fiquem com Deus &#8230;<\/p>\n<p><a href=\"http:\/\/blog.cancaonova.com\/paisecatequistas\/files\/2011\/06\/evangelho_13-08-jesus-e-as-crian\u00e7as_colorir.jpg\"><img loading=\"lazy\" decoding=\"async\" class=\"aligncenter size-full wp-image-2347\" src=\"http:\/\/blog.cancaonova.com\/paisecatequistas\/files\/2011\/06\/evangelho_13-08-jesus-e-as-crian\u00e7as.jpg\" alt=\"\" width=\"400\" height=\"511\" srcset=\"https:\/\/blog.cancaonova.com\/paisecatequistas\/files\/2011\/06\/evangelho_13-08-jesus-e-as-crian\u00e7as.jpg 400w, https:\/\/blog.cancaonova.com\/paisecatequistas\/files\/2011\/06\/evangelho_13-08-jesus-e-as-crian\u00e7as-234x300.jpg 234w\" sizes=\"(max-width: 400px) 100vw, 400px\" \/><\/a><\/p>\n","protected":false},"excerpt":{"rendered":"<p>Bom dia pais e catequistas. Um lindo desenho para os catequizandos conhecerem o \u00a0evangelho atrav\u00e9s de ilustra\u00e7\u00f5es. Fiquem com Deus &#8230;<\/p>\n","protected":false},"author":4414,"featured_media":0,"comment_status":"open","ping_status":"open","sticky":false,"template":"","format":"standard","meta":{"_mi_skip_tracking":false,"_monsterinsights_sitenote_active":false,"_monsterinsights_sitenote_note":"","_monsterinsights_sitenote_category":0,"footnotes":""},"categories":[16089],"tags":[26984,16773,6851,96918,26066,19413],"_links":{"self":[{"href":"https:\/\/blog.cancaonova.com\/paisecatequistas\/wp-json\/wp\/v2\/posts\/2345"}],"collection":[{"href":"https:\/\/blog.cancaonova.com\/paisecatequistas\/wp-json\/wp\/v2\/posts"}],"about":[{"href":"https:\/\/blog.cancaonova.com\/paisecatequistas\/wp-json\/wp\/v2\/types\/post"}],"author":[{"embeddable":true,"href":"https:\/\/blog.cancaonova.com\/paisecatequistas\/wp-json\/wp\/v2\/users\/4414"}],"replies":[{"embeddable":true,"href":"https:\/\/blog.cancaonova.com\/paisecatequistas\/wp-json\/wp\/v2\/comments?post=2345"}],"version-history":[{"count":6,"href":"https:\/\/blog.cancaonova.com\/paisecatequistas\/wp-json\/wp\/v2\/posts\/2345\/revisions"}],"predecessor-version":[{"id":3404,"href":"https:\/\/blog.cancaonova.com\/paisecatequistas\/wp-json\/wp\/v2\/posts\/2345\/revisions\/3404"}],"wp:attachment":[{"href":"https:\/\/blog.cancaonova.com\/paisecatequistas\/wp-json\/wp\/v2\/media?parent=2345"}],"wp:term":[{"taxonomy":"category","embeddable":true,"href":"https:\/\/blog.cancaonova.com\/paisecatequistas\/wp-json\/wp\/v2\/categories?post=2345"},{"taxonomy":"post_tag","embeddable":true,"href":"https:\/\/blog.cancaonova.com\/paisecatequistas\/wp-json\/wp\/v2\/tags?post=2345"}],"curies":[{"name":"wp","href":"https:\/\/api.w.org\/{rel}","templated":true}]}}