{"id":2359,"date":"2011-08-24T09:00:10","date_gmt":"2011-08-24T11:00:10","guid":{"rendered":"http:\/\/blog.cancaonova.com\/paisecatequistas\/?p=2359"},"modified":"2011-12-15T10:34:56","modified_gmt":"2011-12-15T12:34:56","slug":"evangelho-para-colorir-10","status":"publish","type":"post","link":"https:\/\/blog.cancaonova.com\/paisecatequistas\/evangelho-para-colorir-10\/","title":{"rendered":"Evangelho para colorir"},"content":{"rendered":"<p>Ol\u00e1 catequista a paz de Jesus, essa semana postamos o evangelho para colorir &#8220;quem quiser salvar sua viada a perder\u00e1; e quem perder sua vida por causa de mim a encontrar\u00e1.&#8221;(Mt 16,21-29).<br \/>\nImprima e leve para a catequese para colorir, espero que goste.<a href=\"http:\/\/blog.cancaonova.com\/paisecatequistas\/files\/2011\/06\/evangelho_28-08-Mt-1621-27_colorir.jpg\"><br \/>\n<img loading=\"lazy\" decoding=\"async\" class=\"aligncenter size-full wp-image-2361\" src=\"http:\/\/blog.cancaonova.com\/paisecatequistas\/files\/2011\/06\/evangelho_28-08-Mt-1621-27.jpg\" alt=\"\" width=\"400\" height=\"600\" srcset=\"https:\/\/blog.cancaonova.com\/paisecatequistas\/files\/2011\/06\/evangelho_28-08-Mt-1621-27.jpg 400w, https:\/\/blog.cancaonova.com\/paisecatequistas\/files\/2011\/06\/evangelho_28-08-Mt-1621-27-200x300.jpg 200w\" sizes=\"(max-width: 400px) 100vw, 400px\" \/><\/a><\/p>\n","protected":false},"excerpt":{"rendered":"<p>Ol\u00e1 catequista a paz de Jesus, essa semana postamos o evangelho para colorir &#8220;quem quiser salvar sua viada a perder\u00e1; e quem perder sua vida por causa de mim a encontrar\u00e1.&#8221;(Mt 16,21-29). Imprima e leve para a catequese para colorir,&#8230;<\/p>\n","protected":false},"author":4414,"featured_media":0,"comment_status":"open","ping_status":"open","sticky":false,"template":"","format":"standard","meta":{"_mi_skip_tracking":false,"_monsterinsights_sitenote_active":false,"_monsterinsights_sitenote_note":"","_monsterinsights_sitenote_category":0,"footnotes":""},"categories":[16089],"tags":[15521,15161,6851,96895,96905,221,39],"_links":{"self":[{"href":"https:\/\/blog.cancaonova.com\/paisecatequistas\/wp-json\/wp\/v2\/posts\/2359"}],"collection":[{"href":"https:\/\/blog.cancaonova.com\/paisecatequistas\/wp-json\/wp\/v2\/posts"}],"about":[{"href":"https:\/\/blog.cancaonova.com\/paisecatequistas\/wp-json\/wp\/v2\/types\/post"}],"author":[{"embeddable":true,"href":"https:\/\/blog.cancaonova.com\/paisecatequistas\/wp-json\/wp\/v2\/users\/4414"}],"replies":[{"embeddable":true,"href":"https:\/\/blog.cancaonova.com\/paisecatequistas\/wp-json\/wp\/v2\/comments?post=2359"}],"version-history":[{"count":5,"href":"https:\/\/blog.cancaonova.com\/paisecatequistas\/wp-json\/wp\/v2\/posts\/2359\/revisions"}],"predecessor-version":[{"id":3364,"href":"https:\/\/blog.cancaonova.com\/paisecatequistas\/wp-json\/wp\/v2\/posts\/2359\/revisions\/3364"}],"wp:attachment":[{"href":"https:\/\/blog.cancaonova.com\/paisecatequistas\/wp-json\/wp\/v2\/media?parent=2359"}],"wp:term":[{"taxonomy":"category","embeddable":true,"href":"https:\/\/blog.cancaonova.com\/paisecatequistas\/wp-json\/wp\/v2\/categories?post=2359"},{"taxonomy":"post_tag","embeddable":true,"href":"https:\/\/blog.cancaonova.com\/paisecatequistas\/wp-json\/wp\/v2\/tags?post=2359"}],"curies":[{"name":"wp","href":"https:\/\/api.w.org\/{rel}","templated":true}]}}