{"id":2379,"date":"2015-08-02T08:00:59","date_gmt":"2015-08-02T10:00:59","guid":{"rendered":"http:\/\/blog.cancaonova.com\/paisecatequistas\/?p=2379"},"modified":"2015-07-30T10:19:28","modified_gmt":"2015-07-30T12:19:28","slug":"02-de-agosto-dia-de-nossa-senhora-rainha-dos-anjos-2","status":"publish","type":"post","link":"https:\/\/blog.cancaonova.com\/paisecatequistas\/02-de-agosto-dia-de-nossa-senhora-rainha-dos-anjos-2\/","title":{"rendered":"Nossa Senhora Rainha dos Anjos"},"content":{"rendered":"<p>&nbsp;<\/p>\n<h4><span style=\"font-family: Arial, sans-serif\"><span style=\"font-size: x-small\"><a href=\"http:\/\/blog.cancaonova.com\/paisecatequistas\/files\/2011\/08\/anjos-jesus2.jpg\"><img loading=\"lazy\" decoding=\"async\" class=\"aligncenter size-full wp-image-2385\" src=\"http:\/\/blog.cancaonova.com\/paisecatequistas\/files\/2011\/08\/anjos-jesus2.jpg\" alt=\"\" width=\"308\" height=\"354\" srcset=\"https:\/\/blog.cancaonova.com\/paisecatequistas\/files\/2011\/08\/anjos-jesus2.jpg 308w, https:\/\/blog.cancaonova.com\/paisecatequistas\/files\/2011\/08\/anjos-jesus2-261x300.jpg 261w\" sizes=\"(max-width: 308px) 100vw, 308px\" \/><\/a><br \/>\nNo dia dia 02 de agosto comemoramos Nossa Senhora Rainha dos Anjos<\/span><\/span><\/h4>\n<h4 style=\"text-align: center\"><span style=\"font-family: Arial, sans-serif\"><span style=\"font-size: x-small\">Voc\u00eas conhe\u00e7e a\u00a0ora\u00e7\u00e3o de Nossa Senhora Rainha dos Anjos?<br \/>\n<\/span><\/span><span style=\"font-family: Arial, sans-serif\"><span style=\"font-size: x-small\">Augusta Rainha do C\u00e9u e alt\u00edssima soberana dos<br \/>\n<\/span><\/span><span style=\"font-family: Arial, sans-serif\"><span style=\"font-size: x-small\">Anjos, v\u00f3s que desde os prim\u00f3rdios recebestes de<br \/>\n<\/span><\/span><span style=\"font-family: Arial, sans-serif\"><span style=\"font-size: x-small\">Deus o poder e a miss\u00e3o de esmagar a cabe\u00e7a de Satan\u00e1s,<br \/>\n<\/span><\/span><span style=\"font-family: Arial, sans-serif\"><span style=\"font-size: x-small\">humildemente vos rogamos, enviai vossas santas legi\u00f5es de<br \/>\n<\/span><\/span><span style=\"font-family: Arial, sans-serif\"><span style=\"font-size: x-small\">Anjos, a fim de que \u00e0 Vossa Ordem e pelo vosso poder<br \/>\n<\/span><\/span><span style=\"font-family: Arial, sans-serif\"><span style=\"font-size: x-small\">persigam os esp\u00edritos infernais e em toda a parte os combatam,<br \/>\n<\/span><\/span><span style=\"font-family: Arial, sans-serif\"><span style=\"font-size: x-small\">confundindo-os em sua arrog\u00e2ncia e arrojando-os para o abismo.<br \/>\n<\/span><\/span><span style=\"font-family: Arial, sans-serif\"><span style=\"font-size: x-small\">Quem \u00e9 como Deus?<br \/>\n<\/span><\/span><span style=\"font-family: Arial, sans-serif\"><span style=\"font-size: x-small\">Santos Anjos e Arcanjos, defendei-nos e guardai-nos.<br \/>\n<\/span><\/span><span style=\"font-family: Arial, sans-serif\"><span style=\"font-size: x-small\">\u00d3 Maria, Rainha dos Anjos, mandai a S\u00e3o Miguel defender-nos em<br \/>\n<\/span><\/span><span style=\"font-family: Arial, sans-serif\"><span style=\"font-size: x-small\">todas as ocasi\u00f5es de perigo da alma e do corpo. Am\u00e9m.<\/span><\/span><\/h4>\n<p style=\"text-align: center\">\n","protected":false},"excerpt":{"rendered":"<p>&nbsp; No dia dia 02 de agosto comemoramos Nossa Senhora Rainha dos Anjos Voc\u00eas conhe\u00e7e a\u00a0ora\u00e7\u00e3o de Nossa Senhora Rainha dos Anjos? Augusta Rainha do C\u00e9u e alt\u00edssima soberana dos Anjos, v\u00f3s que desde os prim\u00f3rdios recebestes de Deus o&#8230;<\/p>\n","protected":false},"author":4340,"featured_media":0,"comment_status":"open","ping_status":"open","sticky":false,"template":"","format":"standard","meta":{"_mi_skip_tracking":false,"_monsterinsights_sitenote_active":false,"_monsterinsights_sitenote_note":"","_monsterinsights_sitenote_category":0,"footnotes":""},"categories":[23],"tags":[15774,21002,15975,20824,102393],"_links":{"self":[{"href":"https:\/\/blog.cancaonova.com\/paisecatequistas\/wp-json\/wp\/v2\/posts\/2379"}],"collection":[{"href":"https:\/\/blog.cancaonova.com\/paisecatequistas\/wp-json\/wp\/v2\/posts"}],"about":[{"href":"https:\/\/blog.cancaonova.com\/paisecatequistas\/wp-json\/wp\/v2\/types\/post"}],"author":[{"embeddable":true,"href":"https:\/\/blog.cancaonova.com\/paisecatequistas\/wp-json\/wp\/v2\/users\/4340"}],"replies":[{"embeddable":true,"href":"https:\/\/blog.cancaonova.com\/paisecatequistas\/wp-json\/wp\/v2\/comments?post=2379"}],"version-history":[{"count":28,"href":"https:\/\/blog.cancaonova.com\/paisecatequistas\/wp-json\/wp\/v2\/posts\/2379\/revisions"}],"predecessor-version":[{"id":7336,"href":"https:\/\/blog.cancaonova.com\/paisecatequistas\/wp-json\/wp\/v2\/posts\/2379\/revisions\/7336"}],"wp:attachment":[{"href":"https:\/\/blog.cancaonova.com\/paisecatequistas\/wp-json\/wp\/v2\/media?parent=2379"}],"wp:term":[{"taxonomy":"category","embeddable":true,"href":"https:\/\/blog.cancaonova.com\/paisecatequistas\/wp-json\/wp\/v2\/categories?post=2379"},{"taxonomy":"post_tag","embeddable":true,"href":"https:\/\/blog.cancaonova.com\/paisecatequistas\/wp-json\/wp\/v2\/tags?post=2379"}],"curies":[{"name":"wp","href":"https:\/\/api.w.org\/{rel}","templated":true}]}}