{"id":2405,"date":"2011-08-05T11:13:13","date_gmt":"2011-08-05T13:13:13","guid":{"rendered":"http:\/\/blog.cancaonova.com\/paisecatequistas\/?p=2405"},"modified":"2011-12-15T11:09:41","modified_gmt":"2011-12-15T13:09:41","slug":"facebook-e-twitter","status":"publish","type":"post","link":"https:\/\/blog.cancaonova.com\/paisecatequistas\/facebook-e-twitter\/","title":{"rendered":"Facebook e Twitter"},"content":{"rendered":"<p style=\"text-align: justify\">Ol\u00e1 pais e catequista n\u00e3o sei se voc\u00eas j\u00e1 est\u00e3o observando seus filhos e catequizandos com rela\u00e7\u00e3o ao relacionamento que eles levam nas redes sociais?<br \/>\nO facebook e o twitter est\u00e3o criando uma gera\u00e7\u00e3o vaidosa e obcecada por aten\u00e7\u00e3o, advertem cientistas.<br \/>\nVale a pena conferir uma\u00a0 <a href=\"http:\/\/www.techtudo.com.br\/noticias\/noticia\/2011\/07\/facebook-e-twitter-estao-criando-uma-geracao-vaidosa-e-obcecada-por-atencao-adverte-cientistas.html\" target=\"_blank\">Mat\u00e9ria Clique aqui<\/a> muito legal sobre esse assunto.<br \/>\nDeixe seu coment\u00e1rio contando o que voc\u00ea achou.<\/p>\n","protected":false},"excerpt":{"rendered":"<p>Ol\u00e1 pais e catequista n\u00e3o sei se voc\u00eas j\u00e1 est\u00e3o observando seus filhos e catequizandos com rela\u00e7\u00e3o ao relacionamento que eles levam nas redes sociais? O facebook e o twitter est\u00e3o criando uma gera\u00e7\u00e3o vaidosa e obcecada por aten\u00e7\u00e3o, advertem&#8230;<\/p>\n","protected":false},"author":4414,"featured_media":0,"comment_status":"open","ping_status":"open","sticky":false,"template":"","format":"standard","meta":{"_mi_skip_tracking":false,"_monsterinsights_sitenote_active":false,"_monsterinsights_sitenote_note":"","_monsterinsights_sitenote_category":0,"footnotes":""},"categories":[23],"tags":[17108,19370,14201,721,96922,3721],"_links":{"self":[{"href":"https:\/\/blog.cancaonova.com\/paisecatequistas\/wp-json\/wp\/v2\/posts\/2405"}],"collection":[{"href":"https:\/\/blog.cancaonova.com\/paisecatequistas\/wp-json\/wp\/v2\/posts"}],"about":[{"href":"https:\/\/blog.cancaonova.com\/paisecatequistas\/wp-json\/wp\/v2\/types\/post"}],"author":[{"embeddable":true,"href":"https:\/\/blog.cancaonova.com\/paisecatequistas\/wp-json\/wp\/v2\/users\/4414"}],"replies":[{"embeddable":true,"href":"https:\/\/blog.cancaonova.com\/paisecatequistas\/wp-json\/wp\/v2\/comments?post=2405"}],"version-history":[{"count":9,"href":"https:\/\/blog.cancaonova.com\/paisecatequistas\/wp-json\/wp\/v2\/posts\/2405\/revisions"}],"predecessor-version":[{"id":2407,"href":"https:\/\/blog.cancaonova.com\/paisecatequistas\/wp-json\/wp\/v2\/posts\/2405\/revisions\/2407"}],"wp:attachment":[{"href":"https:\/\/blog.cancaonova.com\/paisecatequistas\/wp-json\/wp\/v2\/media?parent=2405"}],"wp:term":[{"taxonomy":"category","embeddable":true,"href":"https:\/\/blog.cancaonova.com\/paisecatequistas\/wp-json\/wp\/v2\/categories?post=2405"},{"taxonomy":"post_tag","embeddable":true,"href":"https:\/\/blog.cancaonova.com\/paisecatequistas\/wp-json\/wp\/v2\/tags?post=2405"}],"curies":[{"name":"wp","href":"https:\/\/api.w.org\/{rel}","templated":true}]}}