{"id":2408,"date":"2011-08-04T14:56:28","date_gmt":"2011-08-04T16:56:28","guid":{"rendered":"http:\/\/blog.cancaonova.com\/paisecatequistas\/?p=2408"},"modified":"2025-07-24T15:13:25","modified_gmt":"2025-07-24T17:13:25","slug":"dia-do-sacerdote","status":"publish","type":"post","link":"https:\/\/blog.cancaonova.com\/paisecatequistas\/dia-do-sacerdote\/","title":{"rendered":"A Voca\u00e7\u00e3o Secreta de Jo\u00e3o Paulo II: Luz na Escurid\u00e3o da Guerra"},"content":{"rendered":"<p>&#8220;Toda voca\u00e7\u00e3o sacerdotal \u00e9 um grande mist\u00e9rio, \u00e9 um dom que supera infinitamente o homem.&#8221; \u2014 Jo\u00e3o Paulo II<\/p>\n<p>A Segunda Guerra Mundial foi um per\u00edodo de terror indescrit\u00edvel, especialmente na Pol\u00f4nia. Ap\u00f3s o exterm\u00ednio de judeus, os nazistas voltaram-se contra padres e religiosos crist\u00e3os, ceifando a vida de 1.932 sacerdotes, incluindo S\u00e3o Maximiliano Maria Kolbe. Em meio a essa persegui\u00e7\u00e3o brutal, a f\u00e9 e a esperan\u00e7a encontraram um caminho secreto para sobreviver.<\/p>\n<h2>O Semin\u00e1rio Clandestino de Crac\u00f3via<\/h2>\n<p>O <b>Arcebispo de Crac\u00f3via, Dom Sapieha<\/b>, um homem de coragem inabal\u00e1vel, decidiu montar um <b>semin\u00e1rio secreto<\/b>. Os seminaristas, incluindo o jovem Karol Wojtyla, estudavam \u00e0 noite, escondidos, para garantir que a Pol\u00f4nia n\u00e3o ficasse sem padres ap\u00f3s a guerra.<\/p>\n<p>Dom Sapieha n\u00e3o apenas protegia a f\u00e9, mas tamb\u00e9m salvava vidas. Ele <b>distribu\u00eda documentos falsos e certid\u00f5es de batismo<\/b> para judeus fugirem da Pol\u00f4nia e encontrava <b>esconderijos seguros em lares cat\u00f3licos<\/b> para fam\u00edlias judias.<\/p>\n<h2>A Chama da Voca\u00e7\u00e3o em Meio \u00e0 Dor<\/h2>\n<p>O horror da guerra, o fechamento da universidade e a perda de seu pai levaram Karol a uma profunda reflex\u00e3o. &#8220;Tantos amigos meus de Wadowice, muito queridos, perderam a vida nessa guerra, por que eu n\u00e3o?&#8221;, ele se perguntava.<\/p>\n<p>Foi nesse momento de dor e incerteza que uma <b>luz se acendeu em seus pensamentos<\/b>: &#8220;O Senhor quer que eu seja sacerdote!&#8221; Essa certeza lhe trouxe <b>alegria e paz<\/b>, preenchendo seu cora\u00e7\u00e3o com uma nova voca\u00e7\u00e3o.<\/p>\n<h2>O &#8220;Domingo Negro&#8221; e a Prote\u00e7\u00e3o Divina<\/h2>\n<p>Em 1944, a revolta da resist\u00eancia de Vars\u00f3via contra os nazistas foi esmagada. Temendo que o mesmo acontecesse em Crac\u00f3via, os alem\u00e3es invadiram as casas em 1\u00ba de agosto, no chamado <b>&#8220;Domingo Negro&#8221;<\/b>, prendendo e matando suspeitos.<\/p>\n<p>Milagrosamente, quando arrombaram a porta do apartamento onde Karol morava, eles <b>n\u00e3o olharam no quarto onde ele estava ajoelhado, rezando em sil\u00eancio<\/b>. Uma prote\u00e7\u00e3o divina em um momento de extremo perigo.<\/p>\n<h2>O Ref\u00fagio no Arcebispado<\/h2>\n<p>A vida dos sete seminaristas era um desafio di\u00e1rio. Eles participavam da <b>Missa clandestina com o Arcebispo<\/b> antes de sair para o trabalho. Um dia, Jerzy Zachuta n\u00e3o apareceu. Karol foi \u00e0 sua casa e descobriu que ele havia sido pego pela Gestapo, com seu nome imediatamente colocado na lista de poloneses condenados \u00e0 morte.<\/p>\n<p>Para proteger Karol e os outros seminaristas, Dom Sapieha os escondeu no <b>por\u00e3o do arcebispado<\/b>, onde passaram cinco meses sem ver a luz do sol.<\/p>\n<h2>A Ordena\u00e7\u00e3o e o Sentido Profundo do Sacerd\u00f3cio<\/h2>\n<p>Em 1\u00ba de novembro de 1946, Dia de Todos os Santos, Karol foi ordenado sacerdote na casa do Arcebispo. Apenas alguns amigos estavam presentes, incluindo Jan, o catequista salesiano de seu grupo de jovens &#8220;Ros\u00e1rio Vivo&#8221;, e sua madrinha Maria.<\/p>\n<p>Ele se prostrou no ch\u00e3o, com os bra\u00e7os abertos em forma de cruz, enquanto ouvia a ladainha de todos os Santos. Pensou em seus amigos judeus, em sua fam\u00edlia j\u00e1 com Deus, e na raz\u00e3o mais profunda de seu sacerd\u00f3cio: <b>ser um irm\u00e3o para todos<\/b>. O padre Karol Wojtyla n\u00e3o estava mais sozinho; ele era <b>irm\u00e3o de todos!<\/b><\/p>\n<h2>A Primeira Missa e a Vit\u00f3ria da F\u00e9<\/h2>\n<p>A primeira missa do padre Karol foi celebrada em 2 de novembro de 1946, na <b>Catedral de Crac\u00f3via<\/b>, o local de descanso de her\u00f3is da Pol\u00f4nia \u2013 santos, poetas, mestres e reis. Esse lugar, que ele conhecia pelas hist\u00f3rias contadas por seu pai, simbolizava a coragem e a f\u00e9 de seu povo.<\/p>\n<p>Anos depois, como Jo\u00e3o Paulo II, ele diria com emo\u00e7\u00e3o: &#8220;Toda a catedral parece repetir: \u2018creio na ressurrei\u00e7\u00e3o dos mortos e na vida eterna!\u2019 Esta verdade de f\u00e9 ilumina a hist\u00f3ria das na\u00e7\u00f5es.&#8221;<\/p>\n<p>Apesar do sofrimento \u2013 a perda da fam\u00edlia, o \u00f3dio nazista, a persegui\u00e7\u00e3o comunista \u2013, ao erguer o C\u00e1lice com o Sangue de Cristo, padre Karol <b>proclamou a vit\u00f3ria do bem sobre o mal<\/b>. O <b>perd\u00e3o e a esperan\u00e7a<\/b>, frutos de sua f\u00e9, fizeram dele um vencedor. Jesus, ao morrer por amor e ressuscitar, provou que o mal n\u00e3o resiste onde h\u00e1 amor. <b>N\u00e3o h\u00e1 for\u00e7a maior que o amor!<\/b><\/p>\n<p>&#8220;Quem nos separar\u00e1 do amor de Cristo? A tribula\u00e7\u00e3o? A ang\u00fastia? A persegui\u00e7\u00e3o? A fome? A pobreza? O perigo? A morte? Em todas essas coisas, somos mais que vencedores pela virtude daquele que nos amou.&#8221; (Romanos 8,35.37)<\/p>\n<p style=\"text-align: justify\">(do livro Na trilha de um vencedor)<\/p>\n<p style=\"text-align: justify\"><strong>E Voc\u00ea?<\/strong><br \/>\nA voca\u00e7\u00e3o, mais que uma escolha, \u00e9 um chamado de Jesus. E Ele chama de muitos modos: pelos acontecimentos, pelos talentos e prefer\u00eancias que temos, pela ora\u00e7\u00e3o&#8230; Se voc\u00ea j\u00e1 ouviu o seu chamado e, assim como Karol, descobriu a linda voca\u00e7\u00e3o para o sacerd\u00f3cio, parab\u00e9ns! \u00c9 preciso cuidar bem dessa descoberta: guarde como um tesouro, fale apenas para pessoas em quem confia e sabe que compreender\u00e3o, como um sacerdote e seus pais. Escolha um movimento em sua comunidade para se engajar, participe sempre da Santa Missa e do sacramento da Confiss\u00e3o, para crescer na amizade com Jesus. E n\u00e3o esque\u00e7a de rezar todos os dias o ter\u00e7o para que Nossa Senhora guarde seu futuro. Mas, mesmo que a sua voca\u00e7\u00e3o n\u00e3o seja o sacerd\u00f3cio, a hist\u00f3ria de her\u00f3is como Karol Wojtyla prova que n\u00e3o importa qual seja o seu chamado: certamente far\u00e1 grandes coisas e ser\u00e1 feliz se tudo o que fizer for por amor.<\/p>\n<p style=\"text-align: justify\">Uma grande Beijo Tia Adelita<\/p>\n","protected":false},"excerpt":{"rendered":"<p>&#8220;Toda voca\u00e7\u00e3o sacerdotal \u00e9 um grande mist\u00e9rio, \u00e9 um dom que supera infinitamente o homem.&#8221; \u2014 Jo\u00e3o Paulo II A Segunda Guerra Mundial foi um per\u00edodo de terror indescrit\u00edvel, especialmente na Pol\u00f4nia. Ap\u00f3s o exterm\u00ednio de judeus, os nazistas voltaram-se&#8230;<\/p>\n","protected":false},"author":4414,"featured_media":0,"comment_status":"closed","ping_status":"closed","sticky":false,"template":"","format":"standard","meta":{"_mi_skip_tracking":false,"_monsterinsights_sitenote_active":false,"_monsterinsights_sitenote_note":"","_monsterinsights_sitenote_category":0,"footnotes":""},"categories":[23],"tags":[17146,221,37162,99007,71,141],"_links":{"self":[{"href":"https:\/\/blog.cancaonova.com\/paisecatequistas\/wp-json\/wp\/v2\/posts\/2408"}],"collection":[{"href":"https:\/\/blog.cancaonova.com\/paisecatequistas\/wp-json\/wp\/v2\/posts"}],"about":[{"href":"https:\/\/blog.cancaonova.com\/paisecatequistas\/wp-json\/wp\/v2\/types\/post"}],"author":[{"embeddable":true,"href":"https:\/\/blog.cancaonova.com\/paisecatequistas\/wp-json\/wp\/v2\/users\/4414"}],"replies":[{"embeddable":true,"href":"https:\/\/blog.cancaonova.com\/paisecatequistas\/wp-json\/wp\/v2\/comments?post=2408"}],"version-history":[{"count":5,"href":"https:\/\/blog.cancaonova.com\/paisecatequistas\/wp-json\/wp\/v2\/posts\/2408\/revisions"}],"predecessor-version":[{"id":17698,"href":"https:\/\/blog.cancaonova.com\/paisecatequistas\/wp-json\/wp\/v2\/posts\/2408\/revisions\/17698"}],"wp:attachment":[{"href":"https:\/\/blog.cancaonova.com\/paisecatequistas\/wp-json\/wp\/v2\/media?parent=2408"}],"wp:term":[{"taxonomy":"category","embeddable":true,"href":"https:\/\/blog.cancaonova.com\/paisecatequistas\/wp-json\/wp\/v2\/categories?post=2408"},{"taxonomy":"post_tag","embeddable":true,"href":"https:\/\/blog.cancaonova.com\/paisecatequistas\/wp-json\/wp\/v2\/tags?post=2408"}],"curies":[{"name":"wp","href":"https:\/\/api.w.org\/{rel}","templated":true}]}}