{"id":2424,"date":"2011-08-09T11:38:45","date_gmt":"2011-08-09T13:38:45","guid":{"rendered":"http:\/\/blog.cancaonova.com\/paisecatequistas\/?p=2424"},"modified":"2011-12-15T11:06:48","modified_gmt":"2011-12-15T13:06:48","slug":"mes-vocacional","status":"publish","type":"post","link":"https:\/\/blog.cancaonova.com\/paisecatequistas\/mes-vocacional\/","title":{"rendered":"M\u00eas vocacional"},"content":{"rendered":"<p style=\"text-align: justify\">O m\u00eas de agosto como vocacional foi indicado pela Confer\u00eancia Nacional dos Bispos do Brasil \u2013 CNBB \u2013 em 1981, na sua 19\u00aa Assembl\u00e9ia Geral. Em 1983, refor\u00e7ando esta caminhada, foi celebrado em todo o Brasil um Ano Vocacional. O objetivo principal foi o de instituir um tempo, o m\u00eas de agosto, voltado prioritariamente para a reflex\u00e3o e a ora\u00e7\u00e3o pelas voca\u00e7\u00f5es e os minist\u00e9rios. A Igreja, cumprindo a ordem de Jesus, deve rezar ao Senhor da Messe para que envie oper\u00e1rios para a sua messe. A nova evangeliza\u00e7\u00e3o necessita de muitos e qualificados evangelizadores: crist\u00e3os e crist\u00e3s leigos comprometidos, consagrados e consagradas totalmente doados ao Reino, ministros ordenados que sejam verdadeiros pastores e sinais de comunh\u00e3o e unidade do povo de Deus.<\/p>\n<div style=\"text-align: justify\">\n<p><strong><span style=\"text-decoration: underline\"><strong><span> <\/span><\/strong><\/span><\/strong><\/p>\n<p><strong><span style=\"text-decoration: underline\">Segundo Domingo: Dia dos Pais<\/span><\/strong><\/p>\n<p>Amor \u00e0 fam\u00edlia. No dia da fam\u00edlia, de sua voca\u00e7\u00e3o e de sua miss\u00e3o na Igreja e no mundo, elevemos nosso louvor a Deus e nossa gratid\u00e3o aos pais e \u00e0 fam\u00edlia que temos. Mesmo que muitos homens e mulheres n\u00e3o assumiram sua responsabilidade de pais, mesmo que muitos filhos e filhas estejam abandonados e exclu\u00eddos de um aconchego familiar, de uma casa, temos a responsabilidade de anunciar e propor a fam\u00edlia e seus valores como fundamentais para que a vida n\u00e3o se perca e o Evangelho seja vivido e anunciado. Nossa voca\u00e7\u00e3o \u00e9 a da inclus\u00e3o de todos em uma fam\u00edlia, que seja fraterna, justa, solid\u00e1ria, mission\u00e1ria, evangelizadora.<br \/>\nVamos seguir o exemplo da fam\u00edlia de Nazar\u00e9 que, em sua pequenez e humildade, se fez a servidora do Senhor. Somos todos, a fam\u00edlia de Deus.<\/p>\n<\/div>\n<p style=\"text-align: justify\"><strong>Fonte: SAV &#8211; Servi\u00e7o de Anima\u00e7\u00e3o Vocacional<\/strong><br \/>\n<strong><a href=\"http:\/\/www.portalcatolico.org.br\/\" target=\"_blank\">www.portalcatolico.org.br <\/a><\/strong><\/p>\n","protected":false},"excerpt":{"rendered":"<p>O m\u00eas de agosto como vocacional foi indicado pela Confer\u00eancia Nacional dos Bispos do Brasil \u2013 CNBB \u2013 em 1981, na sua 19\u00aa Assembl\u00e9ia Geral. Em 1983, refor\u00e7ando esta caminhada, foi celebrado em todo o Brasil um Ano Vocacional. O&#8230;<\/p>\n","protected":false},"author":4414,"featured_media":0,"comment_status":"open","ping_status":"open","sticky":false,"template":"","format":"standard","meta":{"_mi_skip_tracking":false,"_monsterinsights_sitenote_active":false,"_monsterinsights_sitenote_note":"","_monsterinsights_sitenote_category":0,"footnotes":""},"categories":[23],"tags":[],"_links":{"self":[{"href":"https:\/\/blog.cancaonova.com\/paisecatequistas\/wp-json\/wp\/v2\/posts\/2424"}],"collection":[{"href":"https:\/\/blog.cancaonova.com\/paisecatequistas\/wp-json\/wp\/v2\/posts"}],"about":[{"href":"https:\/\/blog.cancaonova.com\/paisecatequistas\/wp-json\/wp\/v2\/types\/post"}],"author":[{"embeddable":true,"href":"https:\/\/blog.cancaonova.com\/paisecatequistas\/wp-json\/wp\/v2\/users\/4414"}],"replies":[{"embeddable":true,"href":"https:\/\/blog.cancaonova.com\/paisecatequistas\/wp-json\/wp\/v2\/comments?post=2424"}],"version-history":[{"count":7,"href":"https:\/\/blog.cancaonova.com\/paisecatequistas\/wp-json\/wp\/v2\/posts\/2424\/revisions"}],"predecessor-version":[{"id":12268,"href":"https:\/\/blog.cancaonova.com\/paisecatequistas\/wp-json\/wp\/v2\/posts\/2424\/revisions\/12268"}],"wp:attachment":[{"href":"https:\/\/blog.cancaonova.com\/paisecatequistas\/wp-json\/wp\/v2\/media?parent=2424"}],"wp:term":[{"taxonomy":"category","embeddable":true,"href":"https:\/\/blog.cancaonova.com\/paisecatequistas\/wp-json\/wp\/v2\/categories?post=2424"},{"taxonomy":"post_tag","embeddable":true,"href":"https:\/\/blog.cancaonova.com\/paisecatequistas\/wp-json\/wp\/v2\/tags?post=2424"}],"curies":[{"name":"wp","href":"https:\/\/api.w.org\/{rel}","templated":true}]}}