{"id":2430,"date":"2011-08-25T11:41:25","date_gmt":"2011-08-25T13:41:25","guid":{"rendered":"http:\/\/blog.cancaonova.com\/paisecatequistas\/?p=2430"},"modified":"2011-12-15T10:31:59","modified_gmt":"2011-12-15T12:31:59","slug":"quarto-domingo","status":"publish","type":"post","link":"https:\/\/blog.cancaonova.com\/paisecatequistas\/quarto-domingo\/","title":{"rendered":"Dia do catequista"},"content":{"rendered":"<p style=\"text-align: justify\">O\u00a0quarto domingo do m\u00eas de agosto \u00e9 o\u00a0m\u00eas\u00a0em que comemoramos o dia dos minist\u00e9rios leigos\u00a0e quando tem quinto domingo comemoramos o dia do catequista.<br \/>\nPara ter mais informa\u00e7\u00f5es acesse SAV &#8211; Servi\u00e7o de Anima\u00e7\u00e3o Vocacional <a href=\"http:\/\/www.portalcatolico.org.br\/\" target=\"_blank\">www.portalcatolico.org.br <\/a><\/p>\n","protected":false},"excerpt":{"rendered":"<p>O\u00a0quarto domingo do m\u00eas de agosto \u00e9 o\u00a0m\u00eas\u00a0em que comemoramos o dia dos minist\u00e9rios leigos\u00a0e quando tem quinto domingo comemoramos o dia do catequista. Para ter mais informa\u00e7\u00f5es acesse SAV &#8211; Servi\u00e7o de Anima\u00e7\u00e3o Vocacional www.portalcatolico.org.br<\/p>\n","protected":false},"author":4414,"featured_media":0,"comment_status":"open","ping_status":"open","sticky":false,"template":"","format":"standard","meta":{"_mi_skip_tracking":false,"_monsterinsights_sitenote_active":false,"_monsterinsights_sitenote_note":"","_monsterinsights_sitenote_category":0,"footnotes":""},"categories":[23],"tags":[18813,15521,17108,16067,53680,12621],"_links":{"self":[{"href":"https:\/\/blog.cancaonova.com\/paisecatequistas\/wp-json\/wp\/v2\/posts\/2430"}],"collection":[{"href":"https:\/\/blog.cancaonova.com\/paisecatequistas\/wp-json\/wp\/v2\/posts"}],"about":[{"href":"https:\/\/blog.cancaonova.com\/paisecatequistas\/wp-json\/wp\/v2\/types\/post"}],"author":[{"embeddable":true,"href":"https:\/\/blog.cancaonova.com\/paisecatequistas\/wp-json\/wp\/v2\/users\/4414"}],"replies":[{"embeddable":true,"href":"https:\/\/blog.cancaonova.com\/paisecatequistas\/wp-json\/wp\/v2\/comments?post=2430"}],"version-history":[{"count":7,"href":"https:\/\/blog.cancaonova.com\/paisecatequistas\/wp-json\/wp\/v2\/posts\/2430\/revisions"}],"predecessor-version":[{"id":2566,"href":"https:\/\/blog.cancaonova.com\/paisecatequistas\/wp-json\/wp\/v2\/posts\/2430\/revisions\/2566"}],"wp:attachment":[{"href":"https:\/\/blog.cancaonova.com\/paisecatequistas\/wp-json\/wp\/v2\/media?parent=2430"}],"wp:term":[{"taxonomy":"category","embeddable":true,"href":"https:\/\/blog.cancaonova.com\/paisecatequistas\/wp-json\/wp\/v2\/categories?post=2430"},{"taxonomy":"post_tag","embeddable":true,"href":"https:\/\/blog.cancaonova.com\/paisecatequistas\/wp-json\/wp\/v2\/tags?post=2430"}],"curies":[{"name":"wp","href":"https:\/\/api.w.org\/{rel}","templated":true}]}}