{"id":2436,"date":"2011-08-11T09:00:56","date_gmt":"2011-08-11T11:00:56","guid":{"rendered":"http:\/\/blog.cancaonova.com\/paisecatequistas\/?p=2436"},"modified":"2011-12-15T10:57:17","modified_gmt":"2011-12-15T12:57:17","slug":"a-linguagem-do-amor","status":"publish","type":"post","link":"https:\/\/blog.cancaonova.com\/paisecatequistas\/a-linguagem-do-amor\/","title":{"rendered":"A linguagem do Amor"},"content":{"rendered":"<p>Bom dia a todos, n\u00e3o sei se voc\u00eas j\u00e1 viram esse v\u00eddeo mas achei muito bom para a forma\u00e7\u00e3o, trabalhando com as diferen\u00e7as. Vale a pena ver. Deixe seu coment\u00e1rio contando o que voc\u00ea achou.<\/p>\n<p><object classid=\"d27cdb6e-ae6d-11cf-96b8-444553540000\" width=\"560\" height=\"349\"><param name=\"allowFullScreen\" value=\"true\" \/><param name=\"allowscriptaccess\" value=\"always\" \/><param name=\"src\" value=\"http:\/\/www.youtube.com\/v\/AuyEOY0SQ8k?version=3&amp;hl=pt_BR&amp;rel=0\" \/><param name=\"allowfullscreen\" value=\"true\" \/><embed type=\"application\/x-shockwave-flash\" width=\"560\" height=\"349\" src=\"http:\/\/www.youtube.com\/v\/AuyEOY0SQ8k?version=3&amp;hl=pt_BR&amp;rel=0\" allowscriptaccess=\"always\" allowfullscreen=\"true\"><\/embed><\/object><\/p>\n","protected":false},"excerpt":{"rendered":"<p>Bom dia a todos, n\u00e3o sei se voc\u00eas j\u00e1 viram esse v\u00eddeo mas achei muito bom para a forma\u00e7\u00e3o, trabalhando com as diferen\u00e7as. Vale a pena ver. Deixe seu coment\u00e1rio contando o que voc\u00ea achou.<\/p>\n","protected":false},"author":4414,"featured_media":0,"comment_status":"open","ping_status":"open","sticky":false,"template":"","format":"standard","meta":{"_mi_skip_tracking":false,"_monsterinsights_sitenote_active":false,"_monsterinsights_sitenote_note":"","_monsterinsights_sitenote_category":0,"footnotes":""},"categories":[23],"tags":[96917,9841,57442,2031],"_links":{"self":[{"href":"https:\/\/blog.cancaonova.com\/paisecatequistas\/wp-json\/wp\/v2\/posts\/2436"}],"collection":[{"href":"https:\/\/blog.cancaonova.com\/paisecatequistas\/wp-json\/wp\/v2\/posts"}],"about":[{"href":"https:\/\/blog.cancaonova.com\/paisecatequistas\/wp-json\/wp\/v2\/types\/post"}],"author":[{"embeddable":true,"href":"https:\/\/blog.cancaonova.com\/paisecatequistas\/wp-json\/wp\/v2\/users\/4414"}],"replies":[{"embeddable":true,"href":"https:\/\/blog.cancaonova.com\/paisecatequistas\/wp-json\/wp\/v2\/comments?post=2436"}],"version-history":[{"count":5,"href":"https:\/\/blog.cancaonova.com\/paisecatequistas\/wp-json\/wp\/v2\/posts\/2436\/revisions"}],"predecessor-version":[{"id":3372,"href":"https:\/\/blog.cancaonova.com\/paisecatequistas\/wp-json\/wp\/v2\/posts\/2436\/revisions\/3372"}],"wp:attachment":[{"href":"https:\/\/blog.cancaonova.com\/paisecatequistas\/wp-json\/wp\/v2\/media?parent=2436"}],"wp:term":[{"taxonomy":"category","embeddable":true,"href":"https:\/\/blog.cancaonova.com\/paisecatequistas\/wp-json\/wp\/v2\/categories?post=2436"},{"taxonomy":"post_tag","embeddable":true,"href":"https:\/\/blog.cancaonova.com\/paisecatequistas\/wp-json\/wp\/v2\/tags?post=2436"}],"curies":[{"name":"wp","href":"https:\/\/api.w.org\/{rel}","templated":true}]}}