{"id":2489,"date":"2011-08-13T09:00:17","date_gmt":"2011-08-13T11:00:17","guid":{"rendered":"http:\/\/blog.cancaonova.com\/paisecatequistas\/?p=2489"},"modified":"2011-12-15T10:26:32","modified_gmt":"2011-12-15T12:26:32","slug":"os-pais-de-santa-terezinha","status":"publish","type":"post","link":"https:\/\/blog.cancaonova.com\/paisecatequistas\/os-pais-de-santa-terezinha\/","title":{"rendered":"Dia dos pais"},"content":{"rendered":"<p style=\"text-align: justify\">Amanh\u00e3 \u00e9 dia dos pais e um exemplo de santidade s\u00e3o os pais de santa Terezinha que foram beatificados em 2008.<\/p>\n<p style=\"text-align: justify\"><a href=\"http:\/\/loja.cancaonova.com\/products\/5099-livro-os-pais-de-santa-teresinha\" target=\"_blank\"><img loading=\"lazy\" decoding=\"async\" class=\"size-full wp-image-3370 alignleft\" src=\"http:\/\/blog.cancaonova.com\/paisecatequistas\/files\/2011\/08\/9788576771890.jpg\" alt=\"\" width=\"300\" height=\"300\" srcset=\"https:\/\/blog.cancaonova.com\/paisecatequistas\/files\/2011\/08\/9788576771890.jpg 300w, https:\/\/blog.cancaonova.com\/paisecatequistas\/files\/2011\/08\/9788576771890-150x150.jpg 150w\" sizes=\"(max-width: 300px) 100vw, 300px\" \/><\/a><\/p>\n<p>&#8220;Santa Teresinha morreu aos 24 anos e \u00e9 Doutora da Igreja. Numa de de suas cartas, ela testemunhou a santidade de seus pais: \u201cO bom Deus me deu um pai e uma m\u00e3e mais dignos do c\u00e9u que da terra\u201d.<\/p>\n<p style=\"text-align: justify\">Louis e Z\u00e9lie viveram os aspectos da vida cotidiana de uma fam\u00edlia do s\u00e9culo XIX. Enfrentaram as preocupa\u00e7oes e incertezas por estarem \u00e0 frente de uma empresa. Os dois traziam uma preocupa\u00e7\u00e3o particular em exercer a justi\u00e7a e o respeito com seus empregados; sem esquecer a ajuda que prestavam aos mais pobres.<\/p>\n<p style=\"text-align: justify\">Conheceram a enfermidade: Z\u00e9lie sofreu de c\u00e2ncer e Louis teve uma enfermidade cerebral que o levou \u00e0 ser hospitalizado psiqui\u00e1trica. Tamb\u00e9m n\u00e3o lhe faltaram as dificuldades para educar os filhos.<\/p>\n<p style=\"text-align: justify\"><strong><br \/>\nApesar de tudo isso, eles nos dizem que a santidade \u00e9 poss\u00edvel, hoje como foi ao seu tempo, no cora\u00e7\u00e3o da vida familiar.&#8221;<br \/>\n<\/strong><br \/>\n<a href=\"http:\/\/blog.cancaonova.com\/franca\/2008\/10\/02\/beatificacao-dos-pais-de-santa-teresinha\/\" target=\"_blank\">Fonte<\/a><\/p>\n","protected":false},"excerpt":{"rendered":"<p>Amanh\u00e3 \u00e9 dia dos pais e um exemplo de santidade s\u00e3o os pais de santa Terezinha que foram beatificados em 2008. &#8220;Santa Teresinha morreu aos 24 anos e \u00e9 Doutora da Igreja. Numa de de suas cartas, ela testemunhou a&#8230;<\/p>\n","protected":false},"author":4414,"featured_media":0,"comment_status":"open","ping_status":"open","sticky":false,"template":"","format":"standard","meta":{"_mi_skip_tracking":false,"_monsterinsights_sitenote_active":false,"_monsterinsights_sitenote_note":"","_monsterinsights_sitenote_category":0,"footnotes":""},"categories":[23],"tags":[19413,17350,7931,24161],"_links":{"self":[{"href":"https:\/\/blog.cancaonova.com\/paisecatequistas\/wp-json\/wp\/v2\/posts\/2489"}],"collection":[{"href":"https:\/\/blog.cancaonova.com\/paisecatequistas\/wp-json\/wp\/v2\/posts"}],"about":[{"href":"https:\/\/blog.cancaonova.com\/paisecatequistas\/wp-json\/wp\/v2\/types\/post"}],"author":[{"embeddable":true,"href":"https:\/\/blog.cancaonova.com\/paisecatequistas\/wp-json\/wp\/v2\/users\/4414"}],"replies":[{"embeddable":true,"href":"https:\/\/blog.cancaonova.com\/paisecatequistas\/wp-json\/wp\/v2\/comments?post=2489"}],"version-history":[{"count":7,"href":"https:\/\/blog.cancaonova.com\/paisecatequistas\/wp-json\/wp\/v2\/posts\/2489\/revisions"}],"predecessor-version":[{"id":2491,"href":"https:\/\/blog.cancaonova.com\/paisecatequistas\/wp-json\/wp\/v2\/posts\/2489\/revisions\/2491"}],"wp:attachment":[{"href":"https:\/\/blog.cancaonova.com\/paisecatequistas\/wp-json\/wp\/v2\/media?parent=2489"}],"wp:term":[{"taxonomy":"category","embeddable":true,"href":"https:\/\/blog.cancaonova.com\/paisecatequistas\/wp-json\/wp\/v2\/categories?post=2489"},{"taxonomy":"post_tag","embeddable":true,"href":"https:\/\/blog.cancaonova.com\/paisecatequistas\/wp-json\/wp\/v2\/tags?post=2489"}],"curies":[{"name":"wp","href":"https:\/\/api.w.org\/{rel}","templated":true}]}}