{"id":2524,"date":"2013-08-19T08:00:52","date_gmt":"2013-08-19T10:00:52","guid":{"rendered":"http:\/\/blog.cancaonova.com\/paisecatequistas\/?p=2524"},"modified":"2013-07-30T16:03:39","modified_gmt":"2013-07-30T18:03:39","slug":"o-ministerio-do-catequista","status":"publish","type":"post","link":"https:\/\/blog.cancaonova.com\/paisecatequistas\/o-ministerio-do-catequista\/","title":{"rendered":"O Minist\u00e9rio do Catequista"},"content":{"rendered":"<p><a href=\"http:\/\/blog.cancaonova.com\/paisecatequistas\/files\/2011\/08\/Jesus-e-crian\u00e7as.jpg\"><img loading=\"lazy\" decoding=\"async\" class=\"aligncenter size-full wp-image-2526\" src=\"http:\/\/blog.cancaonova.com\/paisecatequistas\/files\/2011\/08\/Jesus-e-crian\u00e7as.jpg\" alt=\"\" width=\"255\" height=\"198\" \/><\/a><\/p>\n<p>A catequese \u00e9 um verdadeiro &#8220;minist\u00e9rio&#8221;. ( A palavra &#8220;minist\u00e9rio&#8221; quer dizer &#8220;servi\u00e7o&#8221; ). O papa Jo\u00e3o Paulo II disse que a catequese deve ser a primeira preocupa\u00e7\u00e3o dos bispos. E os bispos chamam os catequistas a colaborar nessa tarefa.<\/p>\n<p>O catequista n\u00e3o age sozinho. Deve atuar sempre em comunh\u00e3o com a Igreja. Est\u00e1 ligado a sua comunidade paroquial e seu P\u00e1roco. Atrav\u00e9s do P\u00e1roco est\u00e1 tamb\u00e9m ligado ao Bispo e \u00e0 Diocese.<\/p>\n<p>Seu trabalho catequ\u00e9tico ser\u00e1 feito dentro do Plano de Pastoral da Diocese e dentro do planejamento paroquial. Mesmo se o catequista atuar dentro de uma comunidade menor, n\u00e3o pode estar desligado da Par\u00f3quia e da Diocese.<\/p>\n<p>O catequista est\u00e1 tamb\u00e9m ligado aos outros catequistas da sua comunidade. \u00c9 interessante observar que os disc\u00edpulos, no tempo de Jesus, formaram uma comunidade em volta Dele. Eles foram enviados por Jesus, dois a dois\u00a0\u00a0\u00a0\u00a0\u00a0\u00a0\u00a0\u00a0\u00a0\u00a0\u00a0\u00a0\u00a0\u00a0 ( Lc 10, 1 ), e Jesus disse: &#8220;onde dois ou tr\u00eas est\u00e3o reunidos em meu nome, eu estou no meio deles&#8221; ( Mt 18, 20 ).<\/p>\n<p>Os catequistas devem trabalhar juntos, como grupo ou equipe. Assim ter\u00e3o certeza de que Cristo est\u00e1 no meio deles e os envia.<\/p>\n<p>Realmente, o Senhor nos chamou a trabalhar. A messe \u00e9 grande.<\/p>\n<p>Para refletir:<\/p>\n<p>1- Voc\u00ea se sente chamado a ser catequista? Quem o(a) chama?<\/p>\n<p>2- Voc\u00ea sente a voca\u00e7\u00e3o de catequisar?<\/p>\n<p>Texto extra\u00eddo do Livro: Para Voc\u00ea, Catequista &#8211; Miss\u00e3o e Forma\u00e7\u00e3o do Catequista. Autora: In\u00eas Broshuis<\/p>\n","protected":false},"excerpt":{"rendered":"<p>A catequese \u00e9 um verdadeiro &#8220;minist\u00e9rio&#8221;. ( A palavra &#8220;minist\u00e9rio&#8221; quer dizer &#8220;servi\u00e7o&#8221; ). O papa Jo\u00e3o Paulo II disse que a catequese deve ser a primeira preocupa\u00e7\u00e3o dos bispos. E os bispos chamam os catequistas a colaborar nessa tarefa&#8230;.<\/p>\n","protected":false},"author":4340,"featured_media":0,"comment_status":"open","ping_status":"open","sticky":false,"template":"","format":"standard","meta":{"_mi_skip_tracking":false,"_monsterinsights_sitenote_active":false,"_monsterinsights_sitenote_note":"","_monsterinsights_sitenote_category":0,"footnotes":""},"categories":[23],"tags":[17474,15521,32,221,20659,7901],"_links":{"self":[{"href":"https:\/\/blog.cancaonova.com\/paisecatequistas\/wp-json\/wp\/v2\/posts\/2524"}],"collection":[{"href":"https:\/\/blog.cancaonova.com\/paisecatequistas\/wp-json\/wp\/v2\/posts"}],"about":[{"href":"https:\/\/blog.cancaonova.com\/paisecatequistas\/wp-json\/wp\/v2\/types\/post"}],"author":[{"embeddable":true,"href":"https:\/\/blog.cancaonova.com\/paisecatequistas\/wp-json\/wp\/v2\/users\/4340"}],"replies":[{"embeddable":true,"href":"https:\/\/blog.cancaonova.com\/paisecatequistas\/wp-json\/wp\/v2\/comments?post=2524"}],"version-history":[{"count":8,"href":"https:\/\/blog.cancaonova.com\/paisecatequistas\/wp-json\/wp\/v2\/posts\/2524\/revisions"}],"predecessor-version":[{"id":6260,"href":"https:\/\/blog.cancaonova.com\/paisecatequistas\/wp-json\/wp\/v2\/posts\/2524\/revisions\/6260"}],"wp:attachment":[{"href":"https:\/\/blog.cancaonova.com\/paisecatequistas\/wp-json\/wp\/v2\/media?parent=2524"}],"wp:term":[{"taxonomy":"category","embeddable":true,"href":"https:\/\/blog.cancaonova.com\/paisecatequistas\/wp-json\/wp\/v2\/categories?post=2524"},{"taxonomy":"post_tag","embeddable":true,"href":"https:\/\/blog.cancaonova.com\/paisecatequistas\/wp-json\/wp\/v2\/tags?post=2524"}],"curies":[{"name":"wp","href":"https:\/\/api.w.org\/{rel}","templated":true}]}}