{"id":2588,"date":"2011-09-07T09:00:07","date_gmt":"2011-09-07T11:00:07","guid":{"rendered":"http:\/\/blog.cancaonova.com\/paisecatequistas\/?p=2588"},"modified":"2011-12-13T17:27:59","modified_gmt":"2011-12-13T19:27:59","slug":"evangelho-do-domingo","status":"publish","type":"post","link":"https:\/\/blog.cancaonova.com\/paisecatequistas\/evangelho-do-domingo\/","title":{"rendered":"Evangelho do domingo"},"content":{"rendered":"<p>Ol\u00e1 Catequistas, trago hoje o evangelho de domingo para ser trabalhado com os catequizandos.<br \/>\nDeixe seu coment\u00e1rio contando o que achou e nos de sugest\u00f5es seu coment\u00e1rio \u00e9 muito importande pra n\u00f3s.<\/p>\n<p><a href=\"http:\/\/blog.cancaonova.com\/paisecatequistas\/files\/2011\/09\/evangelho_11-09-para-imprimir.jpg\"><img loading=\"lazy\" decoding=\"async\" class=\"aligncenter size-thumbnail wp-image-2590\" src=\"http:\/\/blog.cancaonova.com\/paisecatequistas\/files\/2011\/09\/evangelho_11-09-para-imprimir-150x150.jpg\" alt=\"\" width=\"150\" height=\"150\" \/><\/a><\/p>\n","protected":false},"excerpt":{"rendered":"<p>Ol\u00e1 Catequistas, trago hoje o evangelho de domingo para ser trabalhado com os catequizandos. Deixe seu coment\u00e1rio contando o que achou e nos de sugest\u00f5es seu coment\u00e1rio \u00e9 muito importande pra n\u00f3s.<\/p>\n","protected":false},"author":4414,"featured_media":0,"comment_status":"open","ping_status":"open","sticky":false,"template":"","format":"standard","meta":{"_mi_skip_tracking":false,"_monsterinsights_sitenote_active":false,"_monsterinsights_sitenote_note":"","_monsterinsights_sitenote_category":0,"footnotes":""},"categories":[16089],"tags":[26984,9841,16067,6851,4931,1541],"_links":{"self":[{"href":"https:\/\/blog.cancaonova.com\/paisecatequistas\/wp-json\/wp\/v2\/posts\/2588"}],"collection":[{"href":"https:\/\/blog.cancaonova.com\/paisecatequistas\/wp-json\/wp\/v2\/posts"}],"about":[{"href":"https:\/\/blog.cancaonova.com\/paisecatequistas\/wp-json\/wp\/v2\/types\/post"}],"author":[{"embeddable":true,"href":"https:\/\/blog.cancaonova.com\/paisecatequistas\/wp-json\/wp\/v2\/users\/4414"}],"replies":[{"embeddable":true,"href":"https:\/\/blog.cancaonova.com\/paisecatequistas\/wp-json\/wp\/v2\/comments?post=2588"}],"version-history":[{"count":7,"href":"https:\/\/blog.cancaonova.com\/paisecatequistas\/wp-json\/wp\/v2\/posts\/2588\/revisions"}],"predecessor-version":[{"id":3344,"href":"https:\/\/blog.cancaonova.com\/paisecatequistas\/wp-json\/wp\/v2\/posts\/2588\/revisions\/3344"}],"wp:attachment":[{"href":"https:\/\/blog.cancaonova.com\/paisecatequistas\/wp-json\/wp\/v2\/media?parent=2588"}],"wp:term":[{"taxonomy":"category","embeddable":true,"href":"https:\/\/blog.cancaonova.com\/paisecatequistas\/wp-json\/wp\/v2\/categories?post=2588"},{"taxonomy":"post_tag","embeddable":true,"href":"https:\/\/blog.cancaonova.com\/paisecatequistas\/wp-json\/wp\/v2\/tags?post=2588"}],"curies":[{"name":"wp","href":"https:\/\/api.w.org\/{rel}","templated":true}]}}