{"id":2598,"date":"2011-09-02T09:00:29","date_gmt":"2011-09-02T11:00:29","guid":{"rendered":"http:\/\/blog.cancaonova.com\/paisecatequistas\/?p=2598"},"modified":"2011-12-13T17:33:23","modified_gmt":"2011-12-13T19:33:23","slug":"evangelho-de-domingo-4","status":"publish","type":"post","link":"https:\/\/blog.cancaonova.com\/paisecatequistas\/evangelho-de-domingo-4\/","title":{"rendered":"Evangelho de domingo"},"content":{"rendered":"<p>Desculpe a demora mas como virou o m\u00eas ainda n\u00e3o tinha a liturgia do m\u00eas de setembro.<br \/>\nO evangelho de domingo para ser trabalhado na catequese.<\/p>\n<p><a href=\"http:\/\/blog.cancaonova.com\/paisecatequistas\/files\/2011\/09\/evangelho_-04-09-para-imprimir.jpg\"><img loading=\"lazy\" decoding=\"async\" class=\"aligncenter size-thumbnail wp-image-2599\" src=\"http:\/\/blog.cancaonova.com\/paisecatequistas\/files\/2011\/09\/evangelho_-04-09-para-imprimir-150x150.jpg\" alt=\"\" width=\"150\" height=\"150\" \/><\/a><\/p>\n","protected":false},"excerpt":{"rendered":"<p>Desculpe a demora mas como virou o m\u00eas ainda n\u00e3o tinha a liturgia do m\u00eas de setembro. O evangelho de domingo para ser trabalhado na catequese.<\/p>\n","protected":false},"author":4414,"featured_media":0,"comment_status":"open","ping_status":"open","sticky":false,"template":"","format":"standard","meta":{"_mi_skip_tracking":false,"_monsterinsights_sitenote_active":false,"_monsterinsights_sitenote_note":"","_monsterinsights_sitenote_category":0,"footnotes":""},"categories":[16089],"tags":[15521,16067,6851,48,18697,20206],"_links":{"self":[{"href":"https:\/\/blog.cancaonova.com\/paisecatequistas\/wp-json\/wp\/v2\/posts\/2598"}],"collection":[{"href":"https:\/\/blog.cancaonova.com\/paisecatequistas\/wp-json\/wp\/v2\/posts"}],"about":[{"href":"https:\/\/blog.cancaonova.com\/paisecatequistas\/wp-json\/wp\/v2\/types\/post"}],"author":[{"embeddable":true,"href":"https:\/\/blog.cancaonova.com\/paisecatequistas\/wp-json\/wp\/v2\/users\/4414"}],"replies":[{"embeddable":true,"href":"https:\/\/blog.cancaonova.com\/paisecatequistas\/wp-json\/wp\/v2\/comments?post=2598"}],"version-history":[{"count":4,"href":"https:\/\/blog.cancaonova.com\/paisecatequistas\/wp-json\/wp\/v2\/posts\/2598\/revisions"}],"predecessor-version":[{"id":2750,"href":"https:\/\/blog.cancaonova.com\/paisecatequistas\/wp-json\/wp\/v2\/posts\/2598\/revisions\/2750"}],"wp:attachment":[{"href":"https:\/\/blog.cancaonova.com\/paisecatequistas\/wp-json\/wp\/v2\/media?parent=2598"}],"wp:term":[{"taxonomy":"category","embeddable":true,"href":"https:\/\/blog.cancaonova.com\/paisecatequistas\/wp-json\/wp\/v2\/categories?post=2598"},{"taxonomy":"post_tag","embeddable":true,"href":"https:\/\/blog.cancaonova.com\/paisecatequistas\/wp-json\/wp\/v2\/tags?post=2598"}],"curies":[{"name":"wp","href":"https:\/\/api.w.org\/{rel}","templated":true}]}}