{"id":2633,"date":"2011-09-22T09:00:06","date_gmt":"2011-09-22T11:00:06","guid":{"rendered":"http:\/\/blog.cancaonova.com\/paisecatequistas\/?p=2633"},"modified":"2011-12-05T10:52:36","modified_gmt":"2011-12-05T12:52:36","slug":"santos-anjos","status":"publish","type":"post","link":"https:\/\/blog.cancaonova.com\/paisecatequistas\/santos-anjos\/","title":{"rendered":"Santos Anjos"},"content":{"rendered":"<p>Ol\u00e1 catequista no dia 29 de setembro comemoramos o dia de S\u00e3o Miguel Arcanjo.<br \/>\nEntre no blog que amanh\u00e3 teremos uma atividade legal pra ser trabalhada na catequese.<br \/>\nDeixe seu coment\u00e1rio no contando o que achou e nos de sugest\u00f5es todas s\u00e3o bem vindas.<\/p>\n<p><a href=\"http:\/\/blog.cancaonova.com\/paisecatequistas\/files\/2011\/09\/todos.jpg\"><img loading=\"lazy\" decoding=\"async\" class=\"aligncenter size-full wp-image-2634\" src=\"http:\/\/blog.cancaonova.com\/paisecatequistas\/files\/2011\/09\/todos.jpg\" alt=\"\" width=\"400\" height=\"591\" srcset=\"https:\/\/blog.cancaonova.com\/paisecatequistas\/files\/2011\/09\/todos.jpg 400w, https:\/\/blog.cancaonova.com\/paisecatequistas\/files\/2011\/09\/todos-203x300.jpg 203w\" sizes=\"(max-width: 400px) 100vw, 400px\" \/><\/a><\/p>\n","protected":false},"excerpt":{"rendered":"<p>Ol\u00e1 catequista no dia 29 de setembro comemoramos o dia de S\u00e3o Miguel Arcanjo. Entre no blog que amanh\u00e3 teremos uma atividade legal pra ser trabalhada na catequese. Deixe seu coment\u00e1rio no contando o que achou e nos de sugest\u00f5es&#8230;<\/p>\n","protected":false},"author":4414,"featured_media":0,"comment_status":"open","ping_status":"open","sticky":false,"template":"","format":"standard","meta":{"_mi_skip_tracking":false,"_monsterinsights_sitenote_active":false,"_monsterinsights_sitenote_note":"","_monsterinsights_sitenote_category":0,"footnotes":""},"categories":[16089],"tags":[20890,24005,24065],"_links":{"self":[{"href":"https:\/\/blog.cancaonova.com\/paisecatequistas\/wp-json\/wp\/v2\/posts\/2633"}],"collection":[{"href":"https:\/\/blog.cancaonova.com\/paisecatequistas\/wp-json\/wp\/v2\/posts"}],"about":[{"href":"https:\/\/blog.cancaonova.com\/paisecatequistas\/wp-json\/wp\/v2\/types\/post"}],"author":[{"embeddable":true,"href":"https:\/\/blog.cancaonova.com\/paisecatequistas\/wp-json\/wp\/v2\/users\/4414"}],"replies":[{"embeddable":true,"href":"https:\/\/blog.cancaonova.com\/paisecatequistas\/wp-json\/wp\/v2\/comments?post=2633"}],"version-history":[{"count":4,"href":"https:\/\/blog.cancaonova.com\/paisecatequistas\/wp-json\/wp\/v2\/posts\/2633\/revisions"}],"predecessor-version":[{"id":2723,"href":"https:\/\/blog.cancaonova.com\/paisecatequistas\/wp-json\/wp\/v2\/posts\/2633\/revisions\/2723"}],"wp:attachment":[{"href":"https:\/\/blog.cancaonova.com\/paisecatequistas\/wp-json\/wp\/v2\/media?parent=2633"}],"wp:term":[{"taxonomy":"category","embeddable":true,"href":"https:\/\/blog.cancaonova.com\/paisecatequistas\/wp-json\/wp\/v2\/categories?post=2633"},{"taxonomy":"post_tag","embeddable":true,"href":"https:\/\/blog.cancaonova.com\/paisecatequistas\/wp-json\/wp\/v2\/tags?post=2633"}],"curies":[{"name":"wp","href":"https:\/\/api.w.org\/{rel}","templated":true}]}}