{"id":2789,"date":"2011-11-05T09:00:38","date_gmt":"2011-11-05T11:00:38","guid":{"rendered":"http:\/\/blog.cancaonova.com\/paisecatequistas\/?p=2789"},"modified":"2011-10-26T15:16:43","modified_gmt":"2011-10-26T17:16:43","slug":"filhos-como-educa-los-parte-2","status":"publish","type":"post","link":"https:\/\/blog.cancaonova.com\/paisecatequistas\/filhos-como-educa-los-parte-2\/","title":{"rendered":"Voc\u00ea tem tempo para seu filho?"},"content":{"rendered":"<p style=\"text-align: center\">\u00a0 <a href=\"http:\/\/blog.cancaonova.com\/paisecatequistas\/files\/2011\/09\/salto.jpg\"><img loading=\"lazy\" decoding=\"async\" class=\"size-full wp-image-2790  aligncenter\" src=\"http:\/\/blog.cancaonova.com\/paisecatequistas\/files\/2011\/09\/salto.jpg\" alt=\"\" width=\"250\" height=\"300\" \/><\/a><\/p>\n<p style=\"text-align: justify\"><span style=\"font-family: Calibri, sans-serif\"><span style=\"font-size: small\"><span style=\"font-family: Calibri, sans-serif\">Voc\u00ea\u00a0muito tempo ou pouco tempo com\u00a0seu\u00a0filhos?\u00a0<br \/>\nSe n\u00e3o quisermos colher frutos amargos, o quanto antes deve\u00a0avaliar se nesse tempo est\u00e1 sendo presen\u00e7a.<br \/>\nE seu filho j\u00e1 cresceu? A primeira coisa a fazer \u00e9 abandonar a postura de derrota. Nosso Deus \u00e9 poderoso, e para ele nada \u00e9 imposs\u00edvel, mas uma coisa importante: a a\u00e7\u00e3o de Deus na vida de um filho, passa pela a\u00e7\u00e3o dos pais.<br \/>\n\u00c9 preciso recome\u00e7ar,\u00a0renunciando todo sentimento de culpa. Pontualizar onde errou e fazer uma boa confiss\u00e3o, Depois rever nossas posturas somos pais que trabalhamos fora e porque passamos muito tempo longe deles\u00a0 quando estamos perto\u00a0 vamos corrigir? Mas corrigir n\u00e3o vai fazer mal nenhum a\u00a0seus filhos.<br \/>\nN\u00e3o \u00e9 verdade que 99% de n\u00f3s pais estamos em casa com nossos filhos vendo TV, lendo cuidando de alguma coisa do nosso interesse pessoal a maior parte do tempo com eles, e s\u00f3 uma pequena parte interagindo, e quase sempre s\u00f3 quando nos incomodam?<br \/>\nSegundo Vanier, a arte de educar exige ren\u00fancia, perseveran\u00e7a e presen\u00e7a<\/span><strong><span style=\"font-family: Calibri, sans-serif\">.<\/span><\/strong><span style=\"font-family: Calibri, sans-serif\"> Jesus \u00e9 o melhor exemplo da efic\u00e1cia do poder curativo e libertador do amor. \u00c9 por isso que obras como as de Madre Teresa de Calcut\u00e1, Padre Pio e tantos santas e santas que foram pais e m\u00e3es espirituais, ultrapassaram os muros e espalharam seus ramos e frutos por todo o mundo. A efic\u00e1cia de nossa miss\u00e3o de educar nossos filhos, de forma que essa educa\u00e7\u00e3o se perpetue na educa\u00e7\u00e3o que dar\u00e3o a nossos netos e ultrapasse os muros de nossas casas, transformando a comunidade em que vivemos num lugar melhor, est\u00e1 na medida em que amamos com o cora\u00e7\u00e3o de Jesus.<br \/>\n\u201cCr\u00ea no Senhor Jesus e tu e tua casa ser\u00e3o Salva.\u201d<br \/>\nAdelita Frulane &#8211; Comunidade Can\u00e7\u00e3o Nova<\/span><\/span><\/span><\/p>\n<p><span style=\"font-family: Calibri, sans-serif\"><span style=\"font-size: small\">E voc\u00ea? Tem sido presen\u00e7a na vida de seus filhos? Deixe seu coment\u00e1rio com a sua opni\u00e3o.<\/span><\/span><\/p>\n","protected":false},"excerpt":{"rendered":"<p>\u00a0 Voc\u00ea\u00a0muito tempo ou pouco tempo com\u00a0seu\u00a0filhos?\u00a0 Se n\u00e3o quisermos colher frutos amargos, o quanto antes deve\u00a0avaliar se nesse tempo est\u00e1 sendo presen\u00e7a. E seu filho j\u00e1 cresceu? A primeira coisa a fazer \u00e9 abandonar a postura de derrota. Nosso&#8230;<\/p>\n","protected":false},"author":4414,"featured_media":0,"comment_status":"open","ping_status":"open","sticky":false,"template":"","format":"standard","meta":{"_mi_skip_tracking":false,"_monsterinsights_sitenote_active":false,"_monsterinsights_sitenote_note":"","_monsterinsights_sitenote_category":0,"footnotes":""},"categories":[16851,23],"tags":[92379,721],"_links":{"self":[{"href":"https:\/\/blog.cancaonova.com\/paisecatequistas\/wp-json\/wp\/v2\/posts\/2789"}],"collection":[{"href":"https:\/\/blog.cancaonova.com\/paisecatequistas\/wp-json\/wp\/v2\/posts"}],"about":[{"href":"https:\/\/blog.cancaonova.com\/paisecatequistas\/wp-json\/wp\/v2\/types\/post"}],"author":[{"embeddable":true,"href":"https:\/\/blog.cancaonova.com\/paisecatequistas\/wp-json\/wp\/v2\/users\/4414"}],"replies":[{"embeddable":true,"href":"https:\/\/blog.cancaonova.com\/paisecatequistas\/wp-json\/wp\/v2\/comments?post=2789"}],"version-history":[{"count":14,"href":"https:\/\/blog.cancaonova.com\/paisecatequistas\/wp-json\/wp\/v2\/posts\/2789\/revisions"}],"predecessor-version":[{"id":3173,"href":"https:\/\/blog.cancaonova.com\/paisecatequistas\/wp-json\/wp\/v2\/posts\/2789\/revisions\/3173"}],"wp:attachment":[{"href":"https:\/\/blog.cancaonova.com\/paisecatequistas\/wp-json\/wp\/v2\/media?parent=2789"}],"wp:term":[{"taxonomy":"category","embeddable":true,"href":"https:\/\/blog.cancaonova.com\/paisecatequistas\/wp-json\/wp\/v2\/categories?post=2789"},{"taxonomy":"post_tag","embeddable":true,"href":"https:\/\/blog.cancaonova.com\/paisecatequistas\/wp-json\/wp\/v2\/tags?post=2789"}],"curies":[{"name":"wp","href":"https:\/\/api.w.org\/{rel}","templated":true}]}}