{"id":2804,"date":"2011-10-01T08:00:23","date_gmt":"2011-10-01T10:00:23","guid":{"rendered":"http:\/\/blog.cancaonova.com\/paisecatequistas\/?p=2804"},"modified":"2011-10-19T11:01:46","modified_gmt":"2011-10-19T13:01:46","slug":"primeiro-de-outubro-santa-teresinha","status":"publish","type":"post","link":"https:\/\/blog.cancaonova.com\/paisecatequistas\/primeiro-de-outubro-santa-teresinha\/","title":{"rendered":"Primeiro de Outubro Santa Teresinha"},"content":{"rendered":"<h2><span style=\"font-family: Verdana, Arial, Helvetica, sans-serif;color: #000000;font-size: x-small\">Nesse dia de Santa Teresinha, a Padroeira das Miss\u00f5es, pe\u00e7amos a ela, que interceda por n\u00f3s, para que cumpramos com fidelidade nossa Miss\u00e3o de pais e catequistas! Que pela intercess\u00e3o dessa Santinha, possamos nos santificar nas pequenas coisas.<\/span><\/h2>\n<h2><span style=\"font-family: Verdana;font-size: x-small\">Segue uma frase de Santa Teresinha para meditarmos.<\/span><\/h2>\n<h2><span style=\"font-family: Verdana, Arial, Helvetica, sans-serif;color: #000000;font-size: x-small\">Santa Teresinha do Menino Jesus, rogai por nos!<\/span><\/h2>\n<h2><span style=\"font-family: Verdana, Arial, Helvetica, sans-serif;color: #000000;font-size: x-small\">&#8220;N\u00e3o sou um guerreiro que combateu com armas terrestres, mas com a espada do Esp\u00edrito que \u00e9 a palavra de Deus&#8221;.<\/span><\/h2>\n","protected":false},"excerpt":{"rendered":"<p>Nesse dia de Santa Teresinha, a Padroeira das Miss\u00f5es, pe\u00e7amos a ela, que interceda por n\u00f3s, para que cumpramos com fidelidade nossa Miss\u00e3o de pais e catequistas! Que pela intercess\u00e3o dessa Santinha, possamos nos santificar nas pequenas coisas. Segue uma&#8230;<\/p>\n","protected":false},"author":4340,"featured_media":0,"comment_status":"open","ping_status":"open","sticky":false,"template":"","format":"standard","meta":{"_mi_skip_tracking":false,"_monsterinsights_sitenote_active":false,"_monsterinsights_sitenote_note":"","_monsterinsights_sitenote_category":0,"footnotes":""},"categories":[23],"tags":[],"_links":{"self":[{"href":"https:\/\/blog.cancaonova.com\/paisecatequistas\/wp-json\/wp\/v2\/posts\/2804"}],"collection":[{"href":"https:\/\/blog.cancaonova.com\/paisecatequistas\/wp-json\/wp\/v2\/posts"}],"about":[{"href":"https:\/\/blog.cancaonova.com\/paisecatequistas\/wp-json\/wp\/v2\/types\/post"}],"author":[{"embeddable":true,"href":"https:\/\/blog.cancaonova.com\/paisecatequistas\/wp-json\/wp\/v2\/users\/4340"}],"replies":[{"embeddable":true,"href":"https:\/\/blog.cancaonova.com\/paisecatequistas\/wp-json\/wp\/v2\/comments?post=2804"}],"version-history":[{"count":5,"href":"https:\/\/blog.cancaonova.com\/paisecatequistas\/wp-json\/wp\/v2\/posts\/2804\/revisions"}],"predecessor-version":[{"id":3124,"href":"https:\/\/blog.cancaonova.com\/paisecatequistas\/wp-json\/wp\/v2\/posts\/2804\/revisions\/3124"}],"wp:attachment":[{"href":"https:\/\/blog.cancaonova.com\/paisecatequistas\/wp-json\/wp\/v2\/media?parent=2804"}],"wp:term":[{"taxonomy":"category","embeddable":true,"href":"https:\/\/blog.cancaonova.com\/paisecatequistas\/wp-json\/wp\/v2\/categories?post=2804"},{"taxonomy":"post_tag","embeddable":true,"href":"https:\/\/blog.cancaonova.com\/paisecatequistas\/wp-json\/wp\/v2\/tags?post=2804"}],"curies":[{"name":"wp","href":"https:\/\/api.w.org\/{rel}","templated":true}]}}