{"id":2861,"date":"2011-10-04T16:40:22","date_gmt":"2011-10-04T18:40:22","guid":{"rendered":"http:\/\/blog.cancaonova.com\/paisecatequistas\/?p=2861"},"modified":"2011-10-18T10:12:29","modified_gmt":"2011-10-18T12:12:29","slug":"oracao-de-sao-francisco","status":"publish","type":"post","link":"https:\/\/blog.cancaonova.com\/paisecatequistas\/oracao-de-sao-francisco\/","title":{"rendered":"Ora\u00e7\u00e3o de S\u00e3o Francisco"},"content":{"rendered":"<p><a href=\"http:\/\/blog.cancaonova.com\/paisecatequistas\/files\/2011\/10\/Elias-e-o-dente-de-le\u00e3o1.jpg\"><img loading=\"lazy\" decoding=\"async\" class=\"aligncenter size-medium wp-image-2862\" src=\"http:\/\/blog.cancaonova.com\/paisecatequistas\/files\/2011\/10\/Elias-e-o-dente-de-le\u00e3o1-225x300.jpg\" alt=\"\" width=\"225\" height=\"300\" srcset=\"https:\/\/blog.cancaonova.com\/paisecatequistas\/files\/2011\/10\/Elias-e-o-dente-de-le\u00e3o1-225x300.jpg 225w, https:\/\/blog.cancaonova.com\/paisecatequistas\/files\/2011\/10\/Elias-e-o-dente-de-le\u00e3o1.jpg 450w\" sizes=\"(max-width: 225px) 100vw, 225px\" \/><\/a><\/p>\n<p>Senhor, fazei-me instrumento de vossa paz.<br \/>\nOnde houver \u00f3dio, que eu leve o amor,<br \/>\nOnde houver ofensa , que eu leve o perd\u00e3o,<br \/>\nOnde houver disc\u00f3rdia, que eu leve a uni\u00e3o,<br \/>\nOnde houver d\u00favida, que eu leve a f\u00e9,<br \/>\nOnde houver erro, que eu leve a verdade,<br \/>\nOnde houver desespero, que eu leve a esperan\u00e7a,<br \/>\nOnde houver tristeza, que eu leve a alegria,<br \/>\nOnde houver trevas, que eu leve a luz.<\/p>\n<p>\u00d3 Mestre, fazei que eu procure mais<br \/>\nconsolar que ser consolado;<br \/>\ncompreender que ser compreedido,<br \/>\namar, que ser amado.<br \/>\nPois \u00e9 dando que se recebe<br \/>\n\u00e9 perdoando que se \u00e9 perdoado<br \/>\ne \u00e9 morrendo que se vive para a vida eterna. Am\u00e9m.<\/p>\n","protected":false},"excerpt":{"rendered":"<p>Senhor, fazei-me instrumento de vossa paz. Onde houver \u00f3dio, que eu leve o amor, Onde houver ofensa , que eu leve o perd\u00e3o, Onde houver disc\u00f3rdia, que eu leve a uni\u00e3o, Onde houver d\u00favida, que eu leve a f\u00e9, Onde&#8230;<\/p>\n","protected":false},"author":4340,"featured_media":0,"comment_status":"open","ping_status":"open","sticky":false,"template":"","format":"standard","meta":{"_mi_skip_tracking":false,"_monsterinsights_sitenote_active":false,"_monsterinsights_sitenote_note":"","_monsterinsights_sitenote_category":0,"footnotes":""},"categories":[23],"tags":[38,16140,16146,17740,3991],"_links":{"self":[{"href":"https:\/\/blog.cancaonova.com\/paisecatequistas\/wp-json\/wp\/v2\/posts\/2861"}],"collection":[{"href":"https:\/\/blog.cancaonova.com\/paisecatequistas\/wp-json\/wp\/v2\/posts"}],"about":[{"href":"https:\/\/blog.cancaonova.com\/paisecatequistas\/wp-json\/wp\/v2\/types\/post"}],"author":[{"embeddable":true,"href":"https:\/\/blog.cancaonova.com\/paisecatequistas\/wp-json\/wp\/v2\/users\/4340"}],"replies":[{"embeddable":true,"href":"https:\/\/blog.cancaonova.com\/paisecatequistas\/wp-json\/wp\/v2\/comments?post=2861"}],"version-history":[{"count":2,"href":"https:\/\/blog.cancaonova.com\/paisecatequistas\/wp-json\/wp\/v2\/posts\/2861\/revisions"}],"predecessor-version":[{"id":3068,"href":"https:\/\/blog.cancaonova.com\/paisecatequistas\/wp-json\/wp\/v2\/posts\/2861\/revisions\/3068"}],"wp:attachment":[{"href":"https:\/\/blog.cancaonova.com\/paisecatequistas\/wp-json\/wp\/v2\/media?parent=2861"}],"wp:term":[{"taxonomy":"category","embeddable":true,"href":"https:\/\/blog.cancaonova.com\/paisecatequistas\/wp-json\/wp\/v2\/categories?post=2861"},{"taxonomy":"post_tag","embeddable":true,"href":"https:\/\/blog.cancaonova.com\/paisecatequistas\/wp-json\/wp\/v2\/tags?post=2861"}],"curies":[{"name":"wp","href":"https:\/\/api.w.org\/{rel}","templated":true}]}}