{"id":2876,"date":"2016-10-24T11:10:34","date_gmt":"2016-10-24T13:10:34","guid":{"rendered":"http:\/\/blog.cancaonova.com\/paisecatequistas\/?p=2876"},"modified":"2016-10-24T11:08:39","modified_gmt":"2016-10-24T13:08:39","slug":"os-apostolos-para-colorir","status":"publish","type":"post","link":"https:\/\/blog.cancaonova.com\/paisecatequistas\/os-apostolos-para-colorir\/","title":{"rendered":"Apostolo de Jesus"},"content":{"rendered":"<p>&nbsp;<\/p>\n<p>O que significa a Palavra Apostolo?<\/p>\n<p>A Palavra Apostolo \u00e9 de origem grega e significa &#8220;enviado&#8221;.<\/p>\n<p>Os Ap\u00f3stolos de Jesus eram enviados para anunciar o Reino de Deus.<\/p>\n<p>Na B\u00edblia, em Mateus 10,2-4 podemos descobrir o nome dos 12 ap\u00f3stolos que foram escolhidos por Jesus para dar continuidade na Miss\u00e3o de Jesus, vamos conhece-los.<\/p>\n<p>Imprima e anote o nome de cada um dos ap\u00f3stolos de Jesus.<\/p>\n\n\t\t<style type=\"text\/css\">\n\t\t\t#gallery-1 {\n\t\t\t\tmargin: auto;\n\t\t\t}\n\t\t\t#gallery-1 .gallery-item {\n\t\t\t\tfloat: left;\n\t\t\t\tmargin-top: 10px;\n\t\t\t\ttext-align: center;\n\t\t\t\twidth: 33%;\n\t\t\t}\n\t\t\t#gallery-1 img {\n\t\t\t\tborder: 2px solid #cfcfcf;\n\t\t\t}\n\t\t\t#gallery-1 .gallery-caption {\n\t\t\t\tmargin-left: 0;\n\t\t\t}\n\t\t\t\/* see gallery_shortcode() in wp-includes\/media.php *\/\n\t\t<\/style>\n\t\t<div id='gallery-1' class='gallery galleryid-2876 gallery-columns-3 gallery-size-thumbnail'><dl class='gallery-item'>\n\t\t\t<dt class='gallery-icon portrait'>\n\t\t\t\t<a href='https:\/\/blog.cancaonova.com\/paisecatequistas\/files\/2011\/10\/apostolos_tome.jpg'><img loading=\"lazy\" decoding=\"async\" width=\"150\" height=\"150\" src=\"https:\/\/blog.cancaonova.com\/paisecatequistas\/files\/2011\/10\/apostolos_tome-150x150.jpg\" class=\"attachment-thumbnail size-thumbnail\" alt=\"\" \/><\/a>\n\t\t\t<\/dt><\/dl><dl class='gallery-item'>\n\t\t\t<dt class='gallery-icon portrait'>\n\t\t\t\t<a href='https:\/\/blog.cancaonova.com\/paisecatequistas\/files\/2011\/10\/apostolos_Simao.jpg'><img loading=\"lazy\" decoding=\"async\" width=\"150\" height=\"150\" src=\"https:\/\/blog.cancaonova.com\/paisecatequistas\/files\/2011\/10\/apostolos_Simao-150x150.jpg\" class=\"attachment-thumbnail size-thumbnail\" alt=\"\" \/><\/a>\n\t\t\t<\/dt><\/dl><dl class='gallery-item'>\n\t\t\t<dt class='gallery-icon portrait'>\n\t\t\t\t<a href='https:\/\/blog.cancaonova.com\/paisecatequistas\/files\/2011\/10\/apostolos_Pedro.jpg'><img loading=\"lazy\" decoding=\"async\" width=\"150\" height=\"150\" src=\"https:\/\/blog.cancaonova.com\/paisecatequistas\/files\/2011\/10\/apostolos_Pedro-150x150.jpg\" class=\"attachment-thumbnail size-thumbnail\" alt=\"\" \/><\/a>\n\t\t\t<\/dt><\/dl><br style=\"clear: both\" \/><dl class='gallery-item'>\n\t\t\t<dt class='gallery-icon portrait'>\n\t\t\t\t<a href='https:\/\/blog.cancaonova.com\/paisecatequistas\/files\/2011\/10\/apostolos_Mateus.jpg'><img loading=\"lazy\" decoding=\"async\" width=\"150\" height=\"150\" src=\"https:\/\/blog.cancaonova.com\/paisecatequistas\/files\/2011\/10\/apostolos_Mateus-150x150.jpg\" class=\"attachment-thumbnail size-thumbnail\" alt=\"\" \/><\/a>\n\t\t\t<\/dt><\/dl><dl class='gallery-item'>\n\t\t\t<dt class='gallery-icon portrait'>\n\t\t\t\t<a href='https:\/\/blog.cancaonova.com\/paisecatequistas\/files\/2011\/10\/apostolos_Judas_tadeu.jpg'><img loading=\"lazy\" decoding=\"async\" width=\"150\" height=\"150\" src=\"https:\/\/blog.cancaonova.com\/paisecatequistas\/files\/2011\/10\/apostolos_Judas_tadeu-150x150.jpg\" class=\"attachment-thumbnail size-thumbnail\" alt=\"\" \/><\/a>\n\t\t\t<\/dt><\/dl><dl class='gallery-item'>\n\t\t\t<dt class='gallery-icon portrait'>\n\t\t\t\t<a href='https:\/\/blog.cancaonova.com\/paisecatequistas\/files\/2011\/10\/apostolos_Judas.jpg'><img loading=\"lazy\" decoding=\"async\" width=\"150\" height=\"150\" src=\"https:\/\/blog.cancaonova.com\/paisecatequistas\/files\/2011\/10\/apostolos_Judas-150x150.jpg\" class=\"attachment-thumbnail size-thumbnail\" alt=\"\" \/><\/a>\n\t\t\t<\/dt><\/dl><br style=\"clear: both\" \/><dl class='gallery-item'>\n\t\t\t<dt class='gallery-icon portrait'>\n\t\t\t\t<a href='https:\/\/blog.cancaonova.com\/paisecatequistas\/files\/2011\/10\/apostolos_joao.jpg'><img loading=\"lazy\" decoding=\"async\" width=\"150\" height=\"150\" src=\"https:\/\/blog.cancaonova.com\/paisecatequistas\/files\/2011\/10\/apostolos_joao-150x150.jpg\" class=\"attachment-thumbnail size-thumbnail\" alt=\"\" \/><\/a>\n\t\t\t<\/dt><\/dl><dl class='gallery-item'>\n\t\t\t<dt class='gallery-icon portrait'>\n\t\t\t\t<a href='https:\/\/blog.cancaonova.com\/paisecatequistas\/files\/2011\/10\/apostolos_felipe.jpg'><img loading=\"lazy\" decoding=\"async\" width=\"150\" height=\"150\" src=\"https:\/\/blog.cancaonova.com\/paisecatequistas\/files\/2011\/10\/apostolos_felipe-150x150.jpg\" class=\"attachment-thumbnail size-thumbnail\" alt=\"\" \/><\/a>\n\t\t\t<\/dt><\/dl><dl class='gallery-item'>\n\t\t\t<dt class='gallery-icon portrait'>\n\t\t\t\t<a href='https:\/\/blog.cancaonova.com\/paisecatequistas\/files\/2011\/10\/apostolo_Tiago-menor.jpg'><img loading=\"lazy\" decoding=\"async\" width=\"150\" height=\"150\" src=\"https:\/\/blog.cancaonova.com\/paisecatequistas\/files\/2011\/10\/apostolo_Tiago-menor-150x150.jpg\" class=\"attachment-thumbnail size-thumbnail\" alt=\"\" \/><\/a>\n\t\t\t<\/dt><\/dl><br style=\"clear: both\" \/><dl class='gallery-item'>\n\t\t\t<dt class='gallery-icon portrait'>\n\t\t\t\t<a href='https:\/\/blog.cancaonova.com\/paisecatequistas\/files\/2011\/10\/apostolo_Tiago-maior.jpg'><img loading=\"lazy\" decoding=\"async\" width=\"150\" height=\"150\" src=\"https:\/\/blog.cancaonova.com\/paisecatequistas\/files\/2011\/10\/apostolo_Tiago-maior-150x150.jpg\" class=\"attachment-thumbnail size-thumbnail\" alt=\"\" \/><\/a>\n\t\t\t<\/dt><\/dl><dl class='gallery-item'>\n\t\t\t<dt class='gallery-icon portrait'>\n\t\t\t\t<a href='https:\/\/blog.cancaonova.com\/paisecatequistas\/files\/2011\/10\/apostolo_Bartolomeu.jpg'><img loading=\"lazy\" decoding=\"async\" width=\"150\" height=\"150\" src=\"https:\/\/blog.cancaonova.com\/paisecatequistas\/files\/2011\/10\/apostolo_Bartolomeu-150x150.jpg\" class=\"attachment-thumbnail size-thumbnail\" alt=\"\" \/><\/a>\n\t\t\t<\/dt><\/dl><dl class='gallery-item'>\n\t\t\t<dt class='gallery-icon portrait'>\n\t\t\t\t<a href='https:\/\/blog.cancaonova.com\/paisecatequistas\/files\/2011\/10\/Andre.jpg'><img loading=\"lazy\" decoding=\"async\" width=\"150\" height=\"150\" src=\"https:\/\/blog.cancaonova.com\/paisecatequistas\/files\/2011\/10\/Andre-150x150.jpg\" class=\"attachment-thumbnail size-thumbnail\" alt=\"\" \/><\/a>\n\t\t\t<\/dt><\/dl><br style=\"clear: both\" \/>\n\t\t<\/div>\n\n<p><a href=\"http:\/\/blog.cancaonova.com\/paisecatequistas\/files\/2011\/10\/apostolos_todos.jpg\">\u00a0<\/a><\/p>\n","protected":false},"excerpt":{"rendered":"<p>&nbsp; O que significa a Palavra Apostolo? A Palavra Apostolo \u00e9 de origem grega e significa &#8220;enviado&#8221;. Os Ap\u00f3stolos de Jesus eram enviados para anunciar o Reino de Deus. Na B\u00edblia, em Mateus 10,2-4 podemos descobrir o nome dos 12&#8230;<\/p>\n","protected":false},"author":4414,"featured_media":0,"comment_status":"open","ping_status":"open","sticky":false,"template":"","format":"standard","meta":{"_mi_skip_tracking":false,"_monsterinsights_sitenote_active":false,"_monsterinsights_sitenote_note":"","_monsterinsights_sitenote_category":0,"footnotes":""},"categories":[16089],"tags":[17235,19638,84487,84486,15161,15781],"_links":{"self":[{"href":"https:\/\/blog.cancaonova.com\/paisecatequistas\/wp-json\/wp\/v2\/posts\/2876"}],"collection":[{"href":"https:\/\/blog.cancaonova.com\/paisecatequistas\/wp-json\/wp\/v2\/posts"}],"about":[{"href":"https:\/\/blog.cancaonova.com\/paisecatequistas\/wp-json\/wp\/v2\/types\/post"}],"author":[{"embeddable":true,"href":"https:\/\/blog.cancaonova.com\/paisecatequistas\/wp-json\/wp\/v2\/users\/4414"}],"replies":[{"embeddable":true,"href":"https:\/\/blog.cancaonova.com\/paisecatequistas\/wp-json\/wp\/v2\/comments?post=2876"}],"version-history":[{"count":15,"href":"https:\/\/blog.cancaonova.com\/paisecatequistas\/wp-json\/wp\/v2\/posts\/2876\/revisions"}],"predecessor-version":[{"id":2880,"href":"https:\/\/blog.cancaonova.com\/paisecatequistas\/wp-json\/wp\/v2\/posts\/2876\/revisions\/2880"}],"wp:attachment":[{"href":"https:\/\/blog.cancaonova.com\/paisecatequistas\/wp-json\/wp\/v2\/media?parent=2876"}],"wp:term":[{"taxonomy":"category","embeddable":true,"href":"https:\/\/blog.cancaonova.com\/paisecatequistas\/wp-json\/wp\/v2\/categories?post=2876"},{"taxonomy":"post_tag","embeddable":true,"href":"https:\/\/blog.cancaonova.com\/paisecatequistas\/wp-json\/wp\/v2\/tags?post=2876"}],"curies":[{"name":"wp","href":"https:\/\/api.w.org\/{rel}","templated":true}]}}