{"id":2909,"date":"2014-11-01T09:00:01","date_gmt":"2014-11-01T11:00:01","guid":{"rendered":"http:\/\/blog.cancaonova.com\/paisecatequistas\/?p=2909"},"modified":"2014-10-28T11:05:45","modified_gmt":"2014-10-28T13:05:45","slug":"atividade-de-todos-os-santos","status":"publish","type":"post","link":"https:\/\/blog.cancaonova.com\/paisecatequistas\/atividade-de-todos-os-santos\/","title":{"rendered":"Dia de todos os Santos"},"content":{"rendered":"<p>&nbsp;<\/p>\n<p>Vamos homenagear os bem-aventurados.<\/p>\n<p style=\"text-align: justify\">Esta \u00e9 a festa que abarca a todos os santos que est\u00e3o no C\u00e9u, sem excluir\u00a0 nenhum. A Igreja militante se encomenda a eles, invoca-os e chama em seu\u00a0 favor toda aquela admir\u00e1vel companhia da corte celestial. Os santos de Deus s\u00e3o aqueles her\u00f3is de Jesus Cristo que, alcan\u00e7ando uma vit\u00f3ria sobre o dem\u00f4nio, o mundo e a carne, e praticando as virtudes em grau\u00a0 her\u00f3ico, alcan\u00e7aram a eterna bem-aventuran\u00e7a. Por isso o Evangelho da missa\u00a0 pr\u00f3pria \u00e9 o das bem-aventuran\u00e7as, como para mostrar-nos qual \u00e9 o caminho que devemos seguir para fazer-lhes companhia na eterna gl\u00f3ria:<\/p>\n<p style=\"text-align: justify\">\u201cBem-aventurados os pobres de esp\u00edrito, porque deles \u00e9 o reino do C\u00e9u;<\/p>\n<p>Bem-aventurados os mansos, porque eles possuir\u00e3o a Terra;<\/p>\n<p>Bem-aventurados os que choram, porque ser\u00e3o consolados;<\/p>\n<p>Bem-aventurados os que t\u00eam fome e sede de justi\u00e7a, porque ser\u00e3o saciados;<\/p>\n<p>Bem-aventurados os que usam de miseric\u00f3rdia, porque alcan\u00e7ar\u00e3o miseric\u00f3rdia;<\/p>\n<p>Bem-aventurados os puros de cora\u00e7\u00e3o, porque ver\u00e3o a Deus;<\/p>\n<p>Bem-aventurados os que sofrem persegui\u00e7\u00e3o por amor da justi\u00e7a, porque deles<br \/>\n\u00e9 o reino do C\u00e9u\u201d.<\/p>\n<p>Deus aben\u00e7oe,<\/p>\n<p>Clique no desenho\u00a0abaixo imprima, s\u00e3o tr\u00eas por folha e utilize na catequese.<\/p>\n<p><a href=\"http:\/\/blog.cancaonova.com\/paisecatequistas\/files\/2011\/10\/informativo_novembro_2011.jpg\" target=\"_blank\"><img loading=\"lazy\" decoding=\"async\" class=\"aligncenter size-full wp-image-2910\" src=\"http:\/\/blog.cancaonova.com\/paisecatequistas\/files\/2011\/10\/blog.jpg\" alt=\"\" width=\"400\" height=\"168\" srcset=\"https:\/\/blog.cancaonova.com\/paisecatequistas\/files\/2011\/10\/blog.jpg 400w, https:\/\/blog.cancaonova.com\/paisecatequistas\/files\/2011\/10\/blog-300x126.jpg 300w\" sizes=\"(max-width: 400px) 100vw, 400px\" \/><\/a><\/p>\n","protected":false},"excerpt":{"rendered":"<p>&nbsp; Vamos homenagear os bem-aventurados. Esta \u00e9 a festa que abarca a todos os santos que est\u00e3o no C\u00e9u, sem excluir\u00a0 nenhum. A Igreja militante se encomenda a eles, invoca-os e chama em seu\u00a0 favor toda aquela admir\u00e1vel companhia da&#8230;<\/p>\n","protected":false},"author":4414,"featured_media":0,"comment_status":"open","ping_status":"open","sticky":false,"template":"","format":"standard","meta":{"_mi_skip_tracking":false,"_monsterinsights_sitenote_active":false,"_monsterinsights_sitenote_note":"","_monsterinsights_sitenote_category":0,"footnotes":""},"categories":[16089],"tags":[19638,84488,15161],"_links":{"self":[{"href":"https:\/\/blog.cancaonova.com\/paisecatequistas\/wp-json\/wp\/v2\/posts\/2909"}],"collection":[{"href":"https:\/\/blog.cancaonova.com\/paisecatequistas\/wp-json\/wp\/v2\/posts"}],"about":[{"href":"https:\/\/blog.cancaonova.com\/paisecatequistas\/wp-json\/wp\/v2\/types\/post"}],"author":[{"embeddable":true,"href":"https:\/\/blog.cancaonova.com\/paisecatequistas\/wp-json\/wp\/v2\/users\/4414"}],"replies":[{"embeddable":true,"href":"https:\/\/blog.cancaonova.com\/paisecatequistas\/wp-json\/wp\/v2\/comments?post=2909"}],"version-history":[{"count":15,"href":"https:\/\/blog.cancaonova.com\/paisecatequistas\/wp-json\/wp\/v2\/posts\/2909\/revisions"}],"predecessor-version":[{"id":7029,"href":"https:\/\/blog.cancaonova.com\/paisecatequistas\/wp-json\/wp\/v2\/posts\/2909\/revisions\/7029"}],"wp:attachment":[{"href":"https:\/\/blog.cancaonova.com\/paisecatequistas\/wp-json\/wp\/v2\/media?parent=2909"}],"wp:term":[{"taxonomy":"category","embeddable":true,"href":"https:\/\/blog.cancaonova.com\/paisecatequistas\/wp-json\/wp\/v2\/categories?post=2909"},{"taxonomy":"post_tag","embeddable":true,"href":"https:\/\/blog.cancaonova.com\/paisecatequistas\/wp-json\/wp\/v2\/tags?post=2909"}],"curies":[{"name":"wp","href":"https:\/\/api.w.org\/{rel}","templated":true}]}}