{"id":2916,"date":"2014-12-10T08:00:52","date_gmt":"2014-12-10T10:00:52","guid":{"rendered":"http:\/\/blog.cancaonova.com\/paisecatequistas\/?p=2916"},"modified":"2014-12-04T09:14:48","modified_gmt":"2014-12-04T11:14:48","slug":"presepio-recorte-e-monte","status":"publish","type":"post","link":"https:\/\/blog.cancaonova.com\/paisecatequistas\/presepio-recorte-e-monte\/","title":{"rendered":"Pres\u00e9pio recorte e monte"},"content":{"rendered":"<p>Ol\u00e1 catequista, natal est\u00e1 chegando e j\u00e1 estamos nos preparando para viver esse lindo tempo.<br \/>\nEnt\u00e3o tem uma atividade bem legal para a catequese.<br \/>\nImprima, recorte e monte.<br \/>\nDeixe seu coment\u00e1rio contando o que achou.<\/p>\n<p><a href=\"http:\/\/blog.cancaonova.com\/paisecatequistas\/files\/2011\/10\/presepio_1.jpg\"><img loading=\"lazy\" decoding=\"async\" class=\"aligncenter size-full wp-image-2918\" src=\"http:\/\/blog.cancaonova.com\/paisecatequistas\/files\/2011\/10\/presepio_1_blog.jpg\" alt=\"\" width=\"400\" height=\"168\" srcset=\"https:\/\/blog.cancaonova.com\/paisecatequistas\/files\/2011\/10\/presepio_1_blog.jpg 400w, https:\/\/blog.cancaonova.com\/paisecatequistas\/files\/2011\/10\/presepio_1_blog-300x126.jpg 300w\" sizes=\"(max-width: 400px) 100vw, 400px\" \/><\/a><br \/>\n<a href=\"http:\/\/blog.cancaonova.com\/paisecatequistas\/files\/2011\/10\/presepio_2.jpg\"><img loading=\"lazy\" decoding=\"async\" class=\"aligncenter size-full wp-image-2920\" src=\"http:\/\/blog.cancaonova.com\/paisecatequistas\/files\/2011\/10\/presepio_2_blog.jpg\" alt=\"\" width=\"400\" height=\"168\" srcset=\"https:\/\/blog.cancaonova.com\/paisecatequistas\/files\/2011\/10\/presepio_2_blog.jpg 400w, https:\/\/blog.cancaonova.com\/paisecatequistas\/files\/2011\/10\/presepio_2_blog-300x126.jpg 300w\" sizes=\"(max-width: 400px) 100vw, 400px\" \/><\/a><\/p>\n","protected":false},"excerpt":{"rendered":"<p>Ol\u00e1 catequista, natal est\u00e1 chegando e j\u00e1 estamos nos preparando para viver esse lindo tempo. Ent\u00e3o tem uma atividade bem legal para a catequese. Imprima, recorte e monte. Deixe seu coment\u00e1rio contando o que achou.<\/p>\n","protected":false},"author":4414,"featured_media":0,"comment_status":"open","ping_status":"open","sticky":false,"template":"","format":"standard","meta":{"_mi_skip_tracking":false,"_monsterinsights_sitenote_active":false,"_monsterinsights_sitenote_note":"","_monsterinsights_sitenote_category":0,"footnotes":""},"categories":[16089],"tags":[19638,84490,84489],"_links":{"self":[{"href":"https:\/\/blog.cancaonova.com\/paisecatequistas\/wp-json\/wp\/v2\/posts\/2916"}],"collection":[{"href":"https:\/\/blog.cancaonova.com\/paisecatequistas\/wp-json\/wp\/v2\/posts"}],"about":[{"href":"https:\/\/blog.cancaonova.com\/paisecatequistas\/wp-json\/wp\/v2\/types\/post"}],"author":[{"embeddable":true,"href":"https:\/\/blog.cancaonova.com\/paisecatequistas\/wp-json\/wp\/v2\/users\/4414"}],"replies":[{"embeddable":true,"href":"https:\/\/blog.cancaonova.com\/paisecatequistas\/wp-json\/wp\/v2\/comments?post=2916"}],"version-history":[{"count":9,"href":"https:\/\/blog.cancaonova.com\/paisecatequistas\/wp-json\/wp\/v2\/posts\/2916\/revisions"}],"predecessor-version":[{"id":2922,"href":"https:\/\/blog.cancaonova.com\/paisecatequistas\/wp-json\/wp\/v2\/posts\/2916\/revisions\/2922"}],"wp:attachment":[{"href":"https:\/\/blog.cancaonova.com\/paisecatequistas\/wp-json\/wp\/v2\/media?parent=2916"}],"wp:term":[{"taxonomy":"category","embeddable":true,"href":"https:\/\/blog.cancaonova.com\/paisecatequistas\/wp-json\/wp\/v2\/categories?post=2916"},{"taxonomy":"post_tag","embeddable":true,"href":"https:\/\/blog.cancaonova.com\/paisecatequistas\/wp-json\/wp\/v2\/tags?post=2916"}],"curies":[{"name":"wp","href":"https:\/\/api.w.org\/{rel}","templated":true}]}}