{"id":2975,"date":"2013-10-25T08:00:39","date_gmt":"2013-10-25T10:00:39","guid":{"rendered":"http:\/\/blog.cancaonova.com\/paisecatequistas\/?p=2975"},"modified":"2013-10-14T11:31:39","modified_gmt":"2013-10-14T13:31:39","slug":"frei-galvao-para-colorir","status":"publish","type":"post","link":"https:\/\/blog.cancaonova.com\/paisecatequistas\/frei-galvao-para-colorir\/","title":{"rendered":"Frei Galv\u00e3o"},"content":{"rendered":"<p>Ol\u00e1 catequista, hoje\u00a0dia 25 de outubro comemoramos o dia de\u00a0Frei Galv\u00e3o, primeiro santo brasileiro.<br \/>\nPara voc\u00ea imprimir e pintar bem bonito.\u00a0Frei Galv\u00e3o Rogai por n\u00f3s<br \/>\nClique na imagem para ampli\u00e1-la e divirta-se!<\/p>\n<p><a href=\"http:\/\/blog.cancaonova.com\/paisecatequistas\/files\/2011\/10\/f-galvao.png\"><img loading=\"lazy\" decoding=\"async\" class=\"aligncenter size-medium wp-image-2976\" src=\"http:\/\/blog.cancaonova.com\/paisecatequistas\/files\/2011\/10\/f-galvao-224x300.png\" alt=\"\" width=\"224\" height=\"300\" srcset=\"https:\/\/blog.cancaonova.com\/paisecatequistas\/files\/2011\/10\/f-galvao-224x300.png 224w, https:\/\/blog.cancaonova.com\/paisecatequistas\/files\/2011\/10\/f-galvao-764x1024.png 764w, https:\/\/blog.cancaonova.com\/paisecatequistas\/files\/2011\/10\/f-galvao.png 850w\" sizes=\"(max-width: 224px) 100vw, 224px\" \/><\/a><\/p>\n","protected":false},"excerpt":{"rendered":"<p>Ol\u00e1 catequista, hoje\u00a0dia 25 de outubro comemoramos o dia de\u00a0Frei Galv\u00e3o, primeiro santo brasileiro. Para voc\u00ea imprimir e pintar bem bonito.\u00a0Frei Galv\u00e3o Rogai por n\u00f3s Clique na imagem para ampli\u00e1-la e divirta-se!<\/p>\n","protected":false},"author":4414,"featured_media":0,"comment_status":"open","ping_status":"open","sticky":false,"template":"","format":"standard","meta":{"_mi_skip_tracking":false,"_monsterinsights_sitenote_active":false,"_monsterinsights_sitenote_note":"","_monsterinsights_sitenote_category":0,"footnotes":""},"categories":[16089],"tags":[15161,41118],"_links":{"self":[{"href":"https:\/\/blog.cancaonova.com\/paisecatequistas\/wp-json\/wp\/v2\/posts\/2975"}],"collection":[{"href":"https:\/\/blog.cancaonova.com\/paisecatequistas\/wp-json\/wp\/v2\/posts"}],"about":[{"href":"https:\/\/blog.cancaonova.com\/paisecatequistas\/wp-json\/wp\/v2\/types\/post"}],"author":[{"embeddable":true,"href":"https:\/\/blog.cancaonova.com\/paisecatequistas\/wp-json\/wp\/v2\/users\/4414"}],"replies":[{"embeddable":true,"href":"https:\/\/blog.cancaonova.com\/paisecatequistas\/wp-json\/wp\/v2\/comments?post=2975"}],"version-history":[{"count":6,"href":"https:\/\/blog.cancaonova.com\/paisecatequistas\/wp-json\/wp\/v2\/posts\/2975\/revisions"}],"predecessor-version":[{"id":6427,"href":"https:\/\/blog.cancaonova.com\/paisecatequistas\/wp-json\/wp\/v2\/posts\/2975\/revisions\/6427"}],"wp:attachment":[{"href":"https:\/\/blog.cancaonova.com\/paisecatequistas\/wp-json\/wp\/v2\/media?parent=2975"}],"wp:term":[{"taxonomy":"category","embeddable":true,"href":"https:\/\/blog.cancaonova.com\/paisecatequistas\/wp-json\/wp\/v2\/categories?post=2975"},{"taxonomy":"post_tag","embeddable":true,"href":"https:\/\/blog.cancaonova.com\/paisecatequistas\/wp-json\/wp\/v2\/tags?post=2975"}],"curies":[{"name":"wp","href":"https:\/\/api.w.org\/{rel}","templated":true}]}}