{"id":3126,"date":"2011-12-01T09:00:33","date_gmt":"2011-12-01T11:00:33","guid":{"rendered":"http:\/\/blog.cancaonova.com\/paisecatequistas\/?p=3126"},"modified":"2011-12-02T10:24:42","modified_gmt":"2011-12-02T12:24:42","slug":"rezar-o-rosario","status":"publish","type":"post","link":"https:\/\/blog.cancaonova.com\/paisecatequistas\/rezar-o-rosario\/","title":{"rendered":"Rezar o Ros\u00e1rio"},"content":{"rendered":"<p>Ol\u00e1 pais e catequistas a paz de Jesus e o amor de Maria.<br \/>\nSem ora\u00e7\u00e3o n\u00e3o conseguiremos educar bem as crian\u00e7as&#8230;<br \/>\nProcurei encorajar as fam\u00edlias a formar nas crian\u00e7as o desejo de encontrar Deus na ora\u00e7\u00e3o pessoal.<\/p>\n<p>Rezar o ros\u00e1rio pelos filhos e, mais ainda, com os filhos&#8230; \u00c9 uma ajuda espiritual\u00a0 que n\u00e3o se deve subestimar\u201d.<br \/>\nJo\u00e3o Paulo II(Carta Apost\u00f3lica Rosarium Virginis Marie).<\/p>\n","protected":false},"excerpt":{"rendered":"<p>Ol\u00e1 pais e catequistas a paz de Jesus e o amor de Maria. Sem ora\u00e7\u00e3o n\u00e3o conseguiremos educar bem as crian\u00e7as&#8230; Procurei encorajar as fam\u00edlias a formar nas crian\u00e7as o desejo de encontrar Deus na ora\u00e7\u00e3o pessoal. Rezar o ros\u00e1rio&#8230;<\/p>\n","protected":false},"author":4414,"featured_media":0,"comment_status":"open","ping_status":"open","sticky":false,"template":"","format":"standard","meta":{"_mi_skip_tracking":false,"_monsterinsights_sitenote_active":false,"_monsterinsights_sitenote_note":"","_monsterinsights_sitenote_category":0,"footnotes":""},"categories":[23],"tags":[16908,17269,17268],"_links":{"self":[{"href":"https:\/\/blog.cancaonova.com\/paisecatequistas\/wp-json\/wp\/v2\/posts\/3126"}],"collection":[{"href":"https:\/\/blog.cancaonova.com\/paisecatequistas\/wp-json\/wp\/v2\/posts"}],"about":[{"href":"https:\/\/blog.cancaonova.com\/paisecatequistas\/wp-json\/wp\/v2\/types\/post"}],"author":[{"embeddable":true,"href":"https:\/\/blog.cancaonova.com\/paisecatequistas\/wp-json\/wp\/v2\/users\/4414"}],"replies":[{"embeddable":true,"href":"https:\/\/blog.cancaonova.com\/paisecatequistas\/wp-json\/wp\/v2\/comments?post=3126"}],"version-history":[{"count":6,"href":"https:\/\/blog.cancaonova.com\/paisecatequistas\/wp-json\/wp\/v2\/posts\/3126\/revisions"}],"predecessor-version":[{"id":3130,"href":"https:\/\/blog.cancaonova.com\/paisecatequistas\/wp-json\/wp\/v2\/posts\/3126\/revisions\/3130"}],"wp:attachment":[{"href":"https:\/\/blog.cancaonova.com\/paisecatequistas\/wp-json\/wp\/v2\/media?parent=3126"}],"wp:term":[{"taxonomy":"category","embeddable":true,"href":"https:\/\/blog.cancaonova.com\/paisecatequistas\/wp-json\/wp\/v2\/categories?post=3126"},{"taxonomy":"post_tag","embeddable":true,"href":"https:\/\/blog.cancaonova.com\/paisecatequistas\/wp-json\/wp\/v2\/tags?post=3126"}],"curies":[{"name":"wp","href":"https:\/\/api.w.org\/{rel}","templated":true}]}}