{"id":313,"date":"2023-08-15T00:00:07","date_gmt":"2023-08-15T02:00:07","guid":{"rendered":"http:\/\/blog.cancaonova.com\/paisecatequistas\/?p=313"},"modified":"2025-07-30T15:05:24","modified_gmt":"2025-07-30T17:05:24","slug":"sao-tarcisio-eucaristia-nosso-tesouro","status":"publish","type":"post","link":"https:\/\/blog.cancaonova.com\/paisecatequistas\/sao-tarcisio-eucaristia-nosso-tesouro\/","title":{"rendered":"S\u00e3o Tarc\u00edsio | Eucaristia, nosso tesouro"},"content":{"rendered":"<h3>A Coragem de um Menino: S\u00e3o Tarc\u00edsio e a Eucaristia<\/h3>\n<p>Por volta dos anos <b>253-260<\/b>, em meio \u00e0 cruel persegui\u00e7\u00e3o do imperador Valeriano, os crist\u00e3os enfrentavam tempos sombrios. Muitos eram presos e martirizados, mas um desejo ardia em seus cora\u00e7\u00f5es na pris\u00e3o: <b>receber a Santa Eucaristia<\/b>, a fonte de for\u00e7a para suas almas. No entanto, levar a Eucaristia at\u00e9 eles era quase imposs\u00edvel!<\/p>\n<p>O Papa Sisto II ansiava em levar o Sant\u00edssimo aos condenados antes de sua morte, mas a miss\u00e3o era arriscada demais. Ningu\u00e9m se dispunha a tamanho perigo&#8230; at\u00e9 que um jovem cora\u00e7\u00e3o se ofereceu.<\/p>\n<h3>O Her\u00f3i Inesperado: Tarc\u00edsio<\/h3>\n<p>Com apenas <b>12 anos de idade<\/b>, <b>Tarc\u00edsio<\/b> deu um passo \u00e0 frente, disposto a dar a pr\u00f3pria vida para proteger as <b>H\u00f3stias Sagradas<\/b> de ca\u00edrem em m\u00e3os pag\u00e3s.<\/p>\n<p>O Papa, hesitante diante da juventude de Tarc\u00edsio, questionou sua capacidade. Mas o menino, com surpreendente sabedoria, respondeu:<\/p>\n<p><b><i>&#8220;Tanto melhor, porque de mim ningu\u00e9m desconfiar\u00e1, podendo de tal maneira me aproximar de nossos irm\u00e3os encarcerados. E tamb\u00e9m sei guardar as Santas H\u00f3stias e nunca as entregarei aos pag\u00e3os.&#8221;<\/i><\/b><\/p>\n<p>Diante de tamanha <b>coragem e determina\u00e7\u00e3o<\/b>, o Papa n\u00e3o hesitou e entregou a Tarc\u00edsio a caixa de prata com as H\u00f3stias.<\/p>\n<h3>A Miss\u00e3o e o Mart\u00edrio<\/h3>\n<p>Com passos firmes, Tarc\u00edsio partiu em sua miss\u00e3o. Enquanto seguia pelas ruas, ignorava os chamados dos amigos para brincar, apressando o passo.<\/p>\n<p>Foi quando um rapaz, desconfiado de sua resist\u00eancia, tentou segur\u00e1-lo. A curiosidade se espalhou, e um transeunte gritou: <b>&#8220;Ele leva o Deus dos crist\u00e3os!&#8221;<\/b><\/p>\n<p>Rapidamente, uma turba caiu sobre o pobre menino, tentando arrancar \u00e0 for\u00e7a o que ele segurava. Tarc\u00edsio, com uma for\u00e7a surpreendente, agarrava o tesouro com todas as suas for\u00e7as, impedindo que as H\u00f3stias fossem profanadas.<\/p>\n<p>Ele foi brutalmente espancado e maltratado, mas n\u00e3o cedeu. Sua vida foi sacrificada em nome da Eucaristia.<\/p>\n<article class=\"container mt-25\">\n<div class=\"historia-post mt-50 mb-50\">\n<p><a href=\"http:\/\/blog.cancaonova.com\/paisecatequistas\/files\/2016\/08\/sao-Tarcisio-Tia-Adelita.png\"><img loading=\"lazy\" decoding=\"async\" class=\"wp-image-15044 alignnone\" src=\"http:\/\/blog.cancaonova.com\/paisecatequistas\/files\/2016\/08\/sao-Tarcisio-Tia-Adelita.png\" alt=\"\" width=\"334\" height=\"691\" srcset=\"https:\/\/blog.cancaonova.com\/paisecatequistas\/files\/2016\/08\/sao-Tarcisio-Tia-Adelita.png 755w, https:\/\/blog.cancaonova.com\/paisecatequistas\/files\/2016\/08\/sao-Tarcisio-Tia-Adelita-145x300.png 145w\" sizes=\"(max-width: 334px) 100vw, 334px\" \/><\/a><\/p>\n<h3>O Sacrif\u00edcio Final de S\u00e3o Tarc\u00edsio<\/h3>\n<p>Mesmo exausto e \u00e0 beira da morte, <b>S\u00e3o Tarc\u00edsio<\/b> segurava as Santas H\u00f3stias com uma for\u00e7a sobrenatural. Os agressores batiam e apedrejavam o jovem incansavelmente. Mesmo desmaiado, \u00e0 beira da morte, ele n\u00e3o soltou o Corpo de Cristo de suas m\u00e3os.<\/p>\n<p>De repente, um soldado crist\u00e3o disfar\u00e7ado surgiu, mas era tarde demais. Tarc\u00edsio j\u00e1 estava quase sem vida.<\/p>\n<h3>A Entrega Divina e o Descanso Eterno<\/h3>\n<p>Movido por uma for\u00e7a divina, o menino Tarc\u00edsio soltou o Corpo de Cristo e entregou a caixa de prata ao soldado, falecendo em seguida. O soldado, ent\u00e3o, levou o corpo do m\u00e1rtir para as catacumbas, onde S\u00e3o Tarc\u00edsio foi sepultado.<\/p>\n<h3>O Legado de um Jovem M\u00e1rtir<\/h3>\n<p>Nas famosas <b>catacumbas de S\u00e3o Calisto<\/b>, ainda hoje \u00e9 poss\u00edvel encontrar inscri\u00e7\u00f5es e vest\u00edgios arqueol\u00f3gicos que comprovam a profunda venera\u00e7\u00e3o a S\u00e3o Tarc\u00edsio.<\/p>\n<p>O Santo Papa Damaso I imortalizou a coragem de Tarc\u00edsio em uma inscri\u00e7\u00e3o em seu t\u00famulo, que diz:<\/p>\n<p><i>&#8220;Enquanto um criminoso grupo de fan\u00e1ticos se atirava sobre Tarc\u00edsio, que levava a Eucaristia, o jovem preferiu perder a vida do que deixar aos raivosos o Corpo de Cristo.&#8221;<\/i><\/p>\n<p><b>S\u00e3o Tarc\u00edsio, rogai por n\u00f3s!<\/b> Sua festa \u00e9 celebrada em <b>15 de agosto<\/b>.<\/p>\n<p><span style=\"color: #0000ff\"><strong>Vamos colorir &#8211;\u00a0 Clique aqui<\/strong><\/span><\/p>\n<p><a href=\"https:\/\/blog.cancaonova.com\/paisecatequistas\/files\/2023\/08\/arcanjos-ok-1.pdf\"><img loading=\"lazy\" decoding=\"async\" class=\" wp-image-15046 alignnone\" src=\"http:\/\/blog.cancaonova.com\/paisecatequistas\/files\/2016\/08\/sao-Tarcisio-trac\u0327o-Tia-Adelita-copy.jpg\" alt=\"\" width=\"517\" height=\"1071\" srcset=\"https:\/\/blog.cancaonova.com\/paisecatequistas\/files\/2016\/08\/sao-Tarcisio-trac\u0327o-Tia-Adelita-copy.jpg 1510w, https:\/\/blog.cancaonova.com\/paisecatequistas\/files\/2016\/08\/sao-Tarcisio-trac\u0327o-Tia-Adelita-copy-145x300.jpg 145w, https:\/\/blog.cancaonova.com\/paisecatequistas\/files\/2016\/08\/sao-Tarcisio-trac\u0327o-Tia-Adelita-copy-768x1590.jpg 768w\" sizes=\"(max-width: 517px) 100vw, 517px\" \/><\/a><\/p>\n<p><a href=\"https:\/\/loja.cancaonova.com\/livro-sao-tarcisio-e-os-outros-santos-coroinhas\"><img loading=\"lazy\" decoding=\"async\" class=\"wp-image-19275 alignnone\" src=\"http:\/\/blog.cancaonova.com\/paisecatequistas\/files\/2023\/08\/Mockup-Livro-Sao-Tarcisio-01.png\" alt=\"\" width=\"707\" height=\"662\" srcset=\"https:\/\/blog.cancaonova.com\/paisecatequistas\/files\/2023\/08\/Mockup-Livro-Sao-Tarcisio-01.png 1815w, https:\/\/blog.cancaonova.com\/paisecatequistas\/files\/2023\/08\/Mockup-Livro-Sao-Tarcisio-01-300x281.png 300w, https:\/\/blog.cancaonova.com\/paisecatequistas\/files\/2023\/08\/Mockup-Livro-Sao-Tarcisio-01-768x719.png 768w, https:\/\/blog.cancaonova.com\/paisecatequistas\/files\/2023\/08\/Mockup-Livro-Sao-Tarcisio-01-1536x1439.png 1536w\" sizes=\"(max-width: 707px) 100vw, 707px\" \/><\/a><\/p>\n<p>&nbsp;<\/p>\n<\/div>\n<\/article>\n<p>&nbsp;<\/p>\n<h3 style=\"text-align: center\"><\/h3>\n<h1 style=\"text-align: center\"><\/h1>\n<p>&nbsp;<\/p>\n","protected":false},"excerpt":{"rendered":"<p>A Coragem de um Menino: S\u00e3o Tarc\u00edsio e a Eucaristia<\/p>\n<p>Por volta dos anos 253-260, em meio \u00e0 cruel persegui\u00e7\u00e3o do imperador Valeriano, os crist\u00e3os enfrentavam tempos sombrios. Muitos eram presos e martirizados, mas um desejo ardia em seus cora\u00e7\u00f5es na pris\u00e3o: receber a Santa Eucaristia, a fonte de for\u00e7a para suas almas. No entanto, levar a Eucaristia at\u00e9 eles era quase imposs\u00edvel!<\/p>\n<p>O Papa Sisto II ansiava em levar o Sant\u00edssimo aos condenados antes de sua morte, mas a miss\u00e3o era arriscada demais. Ningu\u00e9m se dispunha a tamanho perigo&#8230; at\u00e9 que um jovem cora\u00e7\u00e3o se ofereceu. <a href=\"https:\/\/blog.cancaonova.com\/paisecatequistas\/sao-tarcisio-eucaristia-nosso-tesouro\/\">Continue lendo <span class=\"meta-nav\">&rarr;<\/span><\/a><\/p>\n","protected":false},"author":4340,"featured_media":15047,"comment_status":"closed","ping_status":"closed","sticky":false,"template":"","format":"standard","meta":{"_mi_skip_tracking":false,"_monsterinsights_sitenote_active":false,"_monsterinsights_sitenote_note":"","_monsterinsights_sitenote_category":0,"footnotes":""},"categories":[200710,271],"tags":[15738,3671,28565,221,23254,17127,7761,97933,18122],"_links":{"self":[{"href":"https:\/\/blog.cancaonova.com\/paisecatequistas\/wp-json\/wp\/v2\/posts\/313"}],"collection":[{"href":"https:\/\/blog.cancaonova.com\/paisecatequistas\/wp-json\/wp\/v2\/posts"}],"about":[{"href":"https:\/\/blog.cancaonova.com\/paisecatequistas\/wp-json\/wp\/v2\/types\/post"}],"author":[{"embeddable":true,"href":"https:\/\/blog.cancaonova.com\/paisecatequistas\/wp-json\/wp\/v2\/users\/4340"}],"replies":[{"embeddable":true,"href":"https:\/\/blog.cancaonova.com\/paisecatequistas\/wp-json\/wp\/v2\/comments?post=313"}],"version-history":[{"count":29,"href":"https:\/\/blog.cancaonova.com\/paisecatequistas\/wp-json\/wp\/v2\/posts\/313\/revisions"}],"predecessor-version":[{"id":19283,"href":"https:\/\/blog.cancaonova.com\/paisecatequistas\/wp-json\/wp\/v2\/posts\/313\/revisions\/19283"}],"wp:featuredmedia":[{"embeddable":true,"href":"https:\/\/blog.cancaonova.com\/paisecatequistas\/wp-json\/wp\/v2\/media\/15047"}],"wp:attachment":[{"href":"https:\/\/blog.cancaonova.com\/paisecatequistas\/wp-json\/wp\/v2\/media?parent=313"}],"wp:term":[{"taxonomy":"category","embeddable":true,"href":"https:\/\/blog.cancaonova.com\/paisecatequistas\/wp-json\/wp\/v2\/categories?post=313"},{"taxonomy":"post_tag","embeddable":true,"href":"https:\/\/blog.cancaonova.com\/paisecatequistas\/wp-json\/wp\/v2\/tags?post=313"}],"curies":[{"name":"wp","href":"https:\/\/api.w.org\/{rel}","templated":true}]}}