{"id":3263,"date":"2011-12-31T09:00:01","date_gmt":"2011-12-31T11:00:01","guid":{"rendered":"http:\/\/blog.cancaonova.com\/paisecatequistas\/?p=3263"},"modified":"2011-12-06T08:38:45","modified_gmt":"2011-12-06T10:38:45","slug":"tempo-de-mudar","status":"publish","type":"post","link":"https:\/\/blog.cancaonova.com\/paisecatequistas\/tempo-de-mudar\/","title":{"rendered":"Tempo de mudar"},"content":{"rendered":"<p>2012 nos espera e n\u00f3s estamos preparados para encarar o novo ano?<br \/>\nUm ano que se incia n\u00e3o s\u00e3o apenas promessas fazias e sim deve ter um motiva\u00e7\u00e3o para mudan\u00e7as.<br \/>\nMudan\u00e7as de habitos, deixar velhos rancores para traz.<\/p>\n<p><object classid=\"d27cdb6e-ae6d-11cf-96b8-444553540000\" width=\"420\" height=\"315\"><param name=\"allowFullScreen\" value=\"true\" \/><param name=\"allowscriptaccess\" value=\"always\" \/><param name=\"src\" value=\"http:\/\/www.youtube.com\/v\/Fr3awFCqW1s?version=3&amp;hl=pt_BR&amp;rel=0\" \/><param name=\"allowfullscreen\" value=\"true\" \/><embed type=\"application\/x-shockwave-flash\" width=\"420\" height=\"315\" src=\"http:\/\/www.youtube.com\/v\/Fr3awFCqW1s?version=3&amp;hl=pt_BR&amp;rel=0\" allowscriptaccess=\"always\" allowfullscreen=\"true\"><\/embed><\/object><\/p>\n","protected":false},"excerpt":{"rendered":"<p>2012 nos espera e n\u00f3s estamos preparados para encarar o novo ano? Um ano que se incia n\u00e3o s\u00e3o apenas promessas fazias e sim deve ter um motiva\u00e7\u00e3o para mudan\u00e7as. Mudan\u00e7as de habitos, deixar velhos rancores para traz.<\/p>\n","protected":false},"author":4414,"featured_media":0,"comment_status":"open","ping_status":"open","sticky":false,"template":"","format":"standard","meta":{"_mi_skip_tracking":false,"_monsterinsights_sitenote_active":false,"_monsterinsights_sitenote_note":"","_monsterinsights_sitenote_category":0,"footnotes":""},"categories":[23],"tags":[10081,19607],"_links":{"self":[{"href":"https:\/\/blog.cancaonova.com\/paisecatequistas\/wp-json\/wp\/v2\/posts\/3263"}],"collection":[{"href":"https:\/\/blog.cancaonova.com\/paisecatequistas\/wp-json\/wp\/v2\/posts"}],"about":[{"href":"https:\/\/blog.cancaonova.com\/paisecatequistas\/wp-json\/wp\/v2\/types\/post"}],"author":[{"embeddable":true,"href":"https:\/\/blog.cancaonova.com\/paisecatequistas\/wp-json\/wp\/v2\/users\/4414"}],"replies":[{"embeddable":true,"href":"https:\/\/blog.cancaonova.com\/paisecatequistas\/wp-json\/wp\/v2\/comments?post=3263"}],"version-history":[{"count":3,"href":"https:\/\/blog.cancaonova.com\/paisecatequistas\/wp-json\/wp\/v2\/posts\/3263\/revisions"}],"predecessor-version":[{"id":3270,"href":"https:\/\/blog.cancaonova.com\/paisecatequistas\/wp-json\/wp\/v2\/posts\/3263\/revisions\/3270"}],"wp:attachment":[{"href":"https:\/\/blog.cancaonova.com\/paisecatequistas\/wp-json\/wp\/v2\/media?parent=3263"}],"wp:term":[{"taxonomy":"category","embeddable":true,"href":"https:\/\/blog.cancaonova.com\/paisecatequistas\/wp-json\/wp\/v2\/categories?post=3263"},{"taxonomy":"post_tag","embeddable":true,"href":"https:\/\/blog.cancaonova.com\/paisecatequistas\/wp-json\/wp\/v2\/tags?post=3263"}],"curies":[{"name":"wp","href":"https:\/\/api.w.org\/{rel}","templated":true}]}}