{"id":3274,"date":"2011-12-22T09:00:56","date_gmt":"2011-12-22T11:00:56","guid":{"rendered":"http:\/\/blog.cancaonova.com\/paisecatequistas\/?p=3274"},"modified":"2011-12-06T11:54:56","modified_gmt":"2011-12-06T13:54:56","slug":"deus-cuida-de-mim","status":"publish","type":"post","link":"https:\/\/blog.cancaonova.com\/paisecatequistas\/deus-cuida-de-mim\/","title":{"rendered":"O pres\u00e9pio do menino Jonas"},"content":{"rendered":"<p>Ol\u00e1 pais e catequistas, continuando nossas historias de natal.<br \/>\nHoje vamos contar sobre o pres\u00e9pio de Jonas.<br \/>\nLeia a hist\u00f3ria e deixe seu coment\u00e1rio.<br \/>\nEssas e muitas \u00a0outras historinhas voc\u00ea encontra no livro\u00a0<a href=\"http:\/\/loja.cancaonova.com\/products\/2923-livro-jonas-o-menino-guerreiro\" target=\"_blank\">Jonas o Menino Guerreiro<\/a> que conta\u00a0\u00a0as hist\u00f3rias do Monsenhor Jonas. Espero que gostem.<\/p>\n<p><a href=\"http:\/\/blog.cancaonova.com\/paisecatequistas\/files\/2011\/12\/Deus-Cuida-de-mim.jpg\"><img loading=\"lazy\" decoding=\"async\" class=\"aligncenter size-full wp-image-3275\" src=\"http:\/\/blog.cancaonova.com\/paisecatequistas\/files\/2011\/12\/Deus-Cuida-de-mim.jpg\" alt=\"\" width=\"400\" height=\"603\" srcset=\"https:\/\/blog.cancaonova.com\/paisecatequistas\/files\/2011\/12\/Deus-Cuida-de-mim.jpg 400w, https:\/\/blog.cancaonova.com\/paisecatequistas\/files\/2011\/12\/Deus-Cuida-de-mim-199x300.jpg 199w\" sizes=\"(max-width: 400px) 100vw, 400px\" \/><\/a><\/p>\n","protected":false},"excerpt":{"rendered":"<p>Ol\u00e1 pais e catequistas, continuando nossas historias de natal. Hoje vamos contar sobre o pres\u00e9pio de Jonas. Leia a hist\u00f3ria e deixe seu coment\u00e1rio. Essas e muitas \u00a0outras historinhas voc\u00ea encontra no livro\u00a0Jonas o Menino Guerreiro que conta\u00a0\u00a0as hist\u00f3rias do&#8230;<\/p>\n","protected":false},"author":4414,"featured_media":0,"comment_status":"open","ping_status":"open","sticky":false,"template":"","format":"standard","meta":{"_mi_skip_tracking":false,"_monsterinsights_sitenote_active":false,"_monsterinsights_sitenote_note":"","_monsterinsights_sitenote_category":0,"footnotes":""},"categories":[23],"tags":[221,20666,96806,17144,31,16237],"_links":{"self":[{"href":"https:\/\/blog.cancaonova.com\/paisecatequistas\/wp-json\/wp\/v2\/posts\/3274"}],"collection":[{"href":"https:\/\/blog.cancaonova.com\/paisecatequistas\/wp-json\/wp\/v2\/posts"}],"about":[{"href":"https:\/\/blog.cancaonova.com\/paisecatequistas\/wp-json\/wp\/v2\/types\/post"}],"author":[{"embeddable":true,"href":"https:\/\/blog.cancaonova.com\/paisecatequistas\/wp-json\/wp\/v2\/users\/4414"}],"replies":[{"embeddable":true,"href":"https:\/\/blog.cancaonova.com\/paisecatequistas\/wp-json\/wp\/v2\/comments?post=3274"}],"version-history":[{"count":3,"href":"https:\/\/blog.cancaonova.com\/paisecatequistas\/wp-json\/wp\/v2\/posts\/3274\/revisions"}],"predecessor-version":[{"id":3282,"href":"https:\/\/blog.cancaonova.com\/paisecatequistas\/wp-json\/wp\/v2\/posts\/3274\/revisions\/3282"}],"wp:attachment":[{"href":"https:\/\/blog.cancaonova.com\/paisecatequistas\/wp-json\/wp\/v2\/media?parent=3274"}],"wp:term":[{"taxonomy":"category","embeddable":true,"href":"https:\/\/blog.cancaonova.com\/paisecatequistas\/wp-json\/wp\/v2\/categories?post=3274"},{"taxonomy":"post_tag","embeddable":true,"href":"https:\/\/blog.cancaonova.com\/paisecatequistas\/wp-json\/wp\/v2\/tags?post=3274"}],"curies":[{"name":"wp","href":"https:\/\/api.w.org\/{rel}","templated":true}]}}