{"id":3347,"date":"2022-11-21T00:00:21","date_gmt":"2022-11-21T02:00:21","guid":{"rendered":"http:\/\/blog.cancaonova.com\/paisecatequistas\/?p=3347"},"modified":"2023-11-24T11:44:21","modified_gmt":"2023-11-24T13:44:21","slug":"album-liturgico-tempo-de-cantar-advento-e-natal","status":"publish","type":"post","link":"https:\/\/blog.cancaonova.com\/paisecatequistas\/album-liturgico-tempo-de-cantar-advento-e-natal\/","title":{"rendered":"\u00c1lbum Lit\u00fargico| Tempo de Cantar | Advento e Natal"},"content":{"rendered":"<p>Advento, P\u00e1scoa, Natal, Quaresma, Tempo Comum&#8230; O que cantar? Confira, abaixo, as cifras das m\u00fasicas do \u00c1lbum <strong>Tempo de Cantar<\/strong>, dispon\u00edvel no <a href=\"https:\/\/open.spotify.com\/album\/7Eyi10Uq1Qr2maGX19z4RG?si=tqqn1tQ4RiuKRw3p3ZPgGw\"><strong>Spotify,<\/strong> <\/a>para voc\u00ea poder cantar nas missas com as crian\u00e7as.<\/p>\n<p><strong>Clique na imagem e ou\u00e7a o CD no Spotify:<\/strong><\/p>\n<h4>\u00a0<a href=\"https:\/\/open.spotify.com\/album\/7Eyi10Uq1Qr2maGX19z4RG?si=tqqn1tQ4RiuKRw3p3ZPgGw\"><img loading=\"lazy\" decoding=\"async\" class=\"wp-image-15936 alignnone\" src=\"http:\/\/blog.cancaonova.com\/paisecatequistas\/files\/2022\/11\/2.jpg\" alt=\"\" width=\"926\" height=\"521\" srcset=\"https:\/\/blog.cancaonova.com\/paisecatequistas\/files\/2022\/11\/2.jpg 1920w, https:\/\/blog.cancaonova.com\/paisecatequistas\/files\/2022\/11\/2-300x169.jpg 300w, https:\/\/blog.cancaonova.com\/paisecatequistas\/files\/2022\/11\/2-768x432.jpg 768w, https:\/\/blog.cancaonova.com\/paisecatequistas\/files\/2022\/11\/2-384x216.jpg 384w, https:\/\/blog.cancaonova.com\/paisecatequistas\/files\/2022\/11\/2-512x288.jpg 512w, https:\/\/blog.cancaonova.com\/paisecatequistas\/files\/2022\/11\/2-1024x576.jpg 1024w, https:\/\/blog.cancaonova.com\/paisecatequistas\/files\/2022\/11\/2-1536x864.jpg 1536w\" sizes=\"(max-width: 926px) 100vw, 926px\" \/><\/a><\/h4>\n<p><strong>CD 1 &#8211; ADVENTO<\/strong><\/p>\n<h4><a href=\"http:\/\/blog.cancaonova.com\/cantinho\/files\/2011\/12\/Que-alegria.pdf\" target=\"_blank\" rel=\"noopener\">QUE ALEGRIA<br \/>\n<\/a><a title=\"TOMA CONTA DE MIM\" href=\"http:\/\/blog.cancaonova.com\/cantinho\/files\/2011\/12\/Toma-conta-de-mim.pdf\" target=\"_blank\" rel=\"noopener\">TOMA CONTA DE MIM<br \/>\n<\/a><a title=\"Vem pra me salvar\" href=\"http:\/\/blog.cancaonova.com\/cantinho\/files\/2011\/12\/Vem-pra-me-salvar.pdf\" target=\"_blank\" rel=\"noopener\">VEM PR\u00c1 ME SALVAR<br \/>\n<\/a><a title=\"Sonho de crianca\" href=\"http:\/\/blog.cancaonova.com\/cantinho\/files\/2011\/12\/Sonho-de-crianca.pdf\" target=\"_blank\" rel=\"noopener\">SONHO DE CRIAN\u00c7A<br \/>\n<\/a><a title=\"VAMOS ESCUTAR\" href=\"http:\/\/blog.cancaonova.com\/cantinho\/files\/2011\/12\/Vamos-escutar.pdf\" target=\"_blank\" rel=\"noopener\">VAMOS ESCUTAR<\/a><\/h4>\n<p><strong>CD 1 &#8211; NATAL<\/strong><\/p>\n<h4><a href=\"http:\/\/blog.cancaonova.com\/cantinho\/files\/2011\/12\/6-Deus-menino.pdf\" target=\"_blank\" rel=\"noopener\">DEUS MENINO<br \/>\n<\/a><a href=\"http:\/\/blog.cancaonova.com\/cantinho\/files\/2011\/12\/7-Piedade-de-mim.pdf\" target=\"_blank\" rel=\"noopener\">PIEDADE DE MIM<br \/>\n<\/a><a href=\"http:\/\/blog.cancaonova.com\/cantinho\/files\/2011\/12\/8-Palavra-que-nasceu.pdf\" target=\"_blank\" rel=\"noopener\">PALAVRA QUE NASCEU<br \/>\n<\/a><a href=\"http:\/\/blog.cancaonova.com\/cantinho\/files\/2012\/04\/Maior-presente.pdf\">MAIOR PRESENTE<\/a><\/h4>\n<p><strong>CD2 &#8211; QUARESMA<\/strong><\/p>\n<h4><a href=\"http:\/\/blog.cancaonova.com\/cantinho\/files\/2012\/01\/Caminho-da-cruz.pdf\">CAMINHO DA CRUZ<br \/>\n<\/a><a href=\"http:\/\/blog.cancaonova.com\/cantinho\/files\/2012\/01\/Senhor-Piedade.pdf\">SENHOR PIEDADADE<br \/>\n<\/a><a href=\"http:\/\/blog.cancaonova.com\/cantinho\/files\/2012\/01\/Palavra-da-Vida.pdf\">PALAVRA DA VIDA<br \/>\n<\/a><a href=\"http:\/\/blog.cancaonova.com\/cantinho\/files\/2012\/01\/Oferto-a-ti.pdf\">OFERTO A TI<br \/>\n<\/a><a href=\"http:\/\/blog.cancaonova.com\/cantinho\/files\/2012\/01\/Alegria-de-viver.pdf\">ALEGRIA DE VIVER<\/a><\/h4>\n<p><strong>\u00a0CD2 &#8211; P\u00c1SCOA<\/strong><\/p>\n<h4><a href=\"http:\/\/blog.cancaonova.com\/cantinho\/files\/2011\/12\/6-Pascoa-de-Jesus.pdf\" target=\"_blank\" rel=\"noopener\">P\u00c1SCOA DE JESUS<br \/>\n<\/a><a href=\"http:\/\/blog.cancaonova.com\/cantinho\/files\/2011\/12\/7-Quero-te-seguir.pdf\" target=\"_blank\" rel=\"noopener\">QUERO TE SEGUIR<br \/>\n<\/a><a href=\"http:\/\/blog.cancaonova.com\/cantinho\/files\/2011\/12\/8-Ele-quer-falar.pdf\" target=\"_blank\" rel=\"noopener\">ELE QUER FALAR<br \/>\n<\/a><a href=\"http:\/\/blog.cancaonova.com\/cantinho\/files\/2011\/12\/9-Ser-pequenino.pdf\" target=\"_blank\" rel=\"noopener\">SER PEQUENINO<br \/>\n<\/a><a href=\"http:\/\/blog.cancaonova.com\/cantinho\/files\/2011\/12\/10-Jesus-\u00e9-minha-pascoa.pdf\" target=\"_blank\" rel=\"noopener\">JESUS \u00c9 MINHA P\u00c1SCOA<\/a><\/h4>\n<p><strong>CD3 &#8211; TEMPO COMUM<\/strong><\/p>\n<h4><a href=\"http:\/\/blog.cancaonova.com\/cantinho\/files\/2012\/01\/Festa-da-alegria.pdf\" target=\"_blank\" rel=\"noopener\">FESTA DE ALEGRIA<br \/>\n<\/a><a href=\"http:\/\/blog.cancaonova.com\/cantinho\/files\/2012\/04\/Estou-aqui-Tempo-comum.pdf\">ESTOU AQUI<br \/>\n<\/a><a href=\"http:\/\/blog.cancaonova.com\/cantinho\/files\/2012\/01\/Cada-dia-sou-melhor.pdf\" target=\"_blank\" rel=\"noopener\">CADA DIA SOU MELHOR<br \/>\n<\/a><a href=\"http:\/\/blog.cancaonova.com\/cantinho\/files\/2012\/01\/Diante-deste-altar.pdf\" target=\"_blank\" rel=\"noopener\">DIANTE DESTE OLHAR<br \/>\n<\/a><a href=\"http:\/\/blog.cancaonova.com\/cantinho\/files\/2012\/01\/Pedacinho-do-c\u00e9u.pdf\" target=\"_blank\" rel=\"noopener\">PEDACINHO DO C\u00c9U<br \/>\n<\/a><a href=\"http:\/\/blog.cancaonova.com\/cantinho\/files\/2012\/04\/Gl\u00f3ria-a-Deus-nas-alturas.pdf\">GLORIA A DEUS NAS ALTURAS<br \/>\n<\/a><a href=\"http:\/\/blog.cancaonova.com\/cantinho\/files\/2012\/04\/Pai-nosso.pdf\">PAI NOSSO<br \/>\n<\/a><a href=\"http:\/\/blog.cancaonova.com\/cantinho\/files\/2012\/04\/Cordeiro-de-Deus.pdf\">CORDEIRO DE DEUS<br \/>\n<\/a><a href=\"http:\/\/blog.cancaonova.com\/cantinho\/files\/2012\/04\/A-Missa-terminou.pdf\">A \u00a0MISSA TERMINOU<br \/>\n<\/a><a href=\"http:\/\/blog.cancaonova.com\/cantinho\/files\/2012\/04\/Deus-do-universo.pdf\">DEUS DO UNIVERSO<\/a><\/h4>\n<h1><\/h1>\n<h1><\/h1>\n","protected":false},"excerpt":{"rendered":"<p>Advento, P\u00e1scoa, Natal, Quaresma, Tempo Comum&#8230; O que cantar?<br \/>\nConfira, abaixo, as cifras das m\u00fasicas do \u00c1lbum Tempo de Cantar, dispon\u00edvel no Spotify para voc\u00ea poder cantar nas missas com as crian\u00e7as. <a href=\"https:\/\/blog.cancaonova.com\/paisecatequistas\/album-liturgico-tempo-de-cantar-advento-e-natal\/\">Continue lendo <span class=\"meta-nav\">&rarr;<\/span><\/a><\/p>\n","protected":false},"author":4414,"featured_media":15939,"comment_status":"open","ping_status":"open","sticky":false,"template":"","format":"standard","meta":{"_mi_skip_tracking":false,"_monsterinsights_sitenote_active":false,"_monsterinsights_sitenote_note":"","_monsterinsights_sitenote_category":0,"footnotes":""},"categories":[16089],"tags":[9931,5481,35217,29226,62253,17104],"_links":{"self":[{"href":"https:\/\/blog.cancaonova.com\/paisecatequistas\/wp-json\/wp\/v2\/posts\/3347"}],"collection":[{"href":"https:\/\/blog.cancaonova.com\/paisecatequistas\/wp-json\/wp\/v2\/posts"}],"about":[{"href":"https:\/\/blog.cancaonova.com\/paisecatequistas\/wp-json\/wp\/v2\/types\/post"}],"author":[{"embeddable":true,"href":"https:\/\/blog.cancaonova.com\/paisecatequistas\/wp-json\/wp\/v2\/users\/4414"}],"replies":[{"embeddable":true,"href":"https:\/\/blog.cancaonova.com\/paisecatequistas\/wp-json\/wp\/v2\/comments?post=3347"}],"version-history":[{"count":41,"href":"https:\/\/blog.cancaonova.com\/paisecatequistas\/wp-json\/wp\/v2\/posts\/3347\/revisions"}],"predecessor-version":[{"id":15943,"href":"https:\/\/blog.cancaonova.com\/paisecatequistas\/wp-json\/wp\/v2\/posts\/3347\/revisions\/15943"}],"wp:featuredmedia":[{"embeddable":true,"href":"https:\/\/blog.cancaonova.com\/paisecatequistas\/wp-json\/wp\/v2\/media\/15939"}],"wp:attachment":[{"href":"https:\/\/blog.cancaonova.com\/paisecatequistas\/wp-json\/wp\/v2\/media?parent=3347"}],"wp:term":[{"taxonomy":"category","embeddable":true,"href":"https:\/\/blog.cancaonova.com\/paisecatequistas\/wp-json\/wp\/v2\/categories?post=3347"},{"taxonomy":"post_tag","embeddable":true,"href":"https:\/\/blog.cancaonova.com\/paisecatequistas\/wp-json\/wp\/v2\/tags?post=3347"}],"curies":[{"name":"wp","href":"https:\/\/api.w.org\/{rel}","templated":true}]}}