{"id":382,"date":"2014-11-14T09:00:25","date_gmt":"2014-11-14T11:00:25","guid":{"rendered":"http:\/\/blog.cancaonova.com\/paisecatequistas\/?p=382"},"modified":"2014-11-10T08:41:20","modified_gmt":"2014-11-10T10:41:20","slug":"cores-liturgicas","status":"publish","type":"post","link":"https:\/\/blog.cancaonova.com\/paisecatequistas\/cores-liturgicas\/","title":{"rendered":"Cores Lit\u00fargicas"},"content":{"rendered":"<p><span style=\"color: #ff0000\">Aprendendo o significado\u00a0 de cada cor na Liturgia. <\/span><\/p>\n<p>Segue roteiro: Cores liturgicas<\/p>\n<p>Deus aben\u00e7oe voc\u00ea e a sua miss\u00e3o como catequista.<\/p>\n<p style=\"text-align: center\"><a href=\"http:\/\/blog.cancaonova.com\/paisecatequistas\/files\/2009\/06\/saiajoelho1.jpg\"><img loading=\"lazy\" decoding=\"async\" class=\"alignnone size-full wp-image-383\" src=\"http:\/\/blog.cancaonova.com\/paisecatequistas\/files\/2009\/06\/saiajoelho1.jpg\" alt=\"\" width=\"400\" height=\"300\" \/><\/a><\/p>\n<h1 style=\"text-align: center\"><a title=\"cores lirugicas\" href=\"http:\/\/blog.cancaonova.com\/paisecatequistas\/files\/2009\/06\/cores-liturigicas1.doc\" target=\"_blank\">CLIQUE AQUI!<\/a><\/h1>\n","protected":false},"excerpt":{"rendered":"<p>Aprendendo o significado\u00a0 de cada cor na Liturgia. Segue roteiro: Cores liturgicas Deus aben\u00e7oe voc\u00ea e a sua miss\u00e3o como catequista. CLIQUE AQUI!<\/p>\n","protected":false},"author":4340,"featured_media":0,"comment_status":"open","ping_status":"open","sticky":false,"template":"","format":"standard","meta":{"_mi_skip_tracking":false,"_monsterinsights_sitenote_active":false,"_monsterinsights_sitenote_note":"","_monsterinsights_sitenote_category":0,"footnotes":""},"categories":[16089],"tags":[29004,15975,102794,77074,102793],"_links":{"self":[{"href":"https:\/\/blog.cancaonova.com\/paisecatequistas\/wp-json\/wp\/v2\/posts\/382"}],"collection":[{"href":"https:\/\/blog.cancaonova.com\/paisecatequistas\/wp-json\/wp\/v2\/posts"}],"about":[{"href":"https:\/\/blog.cancaonova.com\/paisecatequistas\/wp-json\/wp\/v2\/types\/post"}],"author":[{"embeddable":true,"href":"https:\/\/blog.cancaonova.com\/paisecatequistas\/wp-json\/wp\/v2\/users\/4340"}],"replies":[{"embeddable":true,"href":"https:\/\/blog.cancaonova.com\/paisecatequistas\/wp-json\/wp\/v2\/comments?post=382"}],"version-history":[{"count":7,"href":"https:\/\/blog.cancaonova.com\/paisecatequistas\/wp-json\/wp\/v2\/posts\/382\/revisions"}],"predecessor-version":[{"id":5472,"href":"https:\/\/blog.cancaonova.com\/paisecatequistas\/wp-json\/wp\/v2\/posts\/382\/revisions\/5472"}],"wp:attachment":[{"href":"https:\/\/blog.cancaonova.com\/paisecatequistas\/wp-json\/wp\/v2\/media?parent=382"}],"wp:term":[{"taxonomy":"category","embeddable":true,"href":"https:\/\/blog.cancaonova.com\/paisecatequistas\/wp-json\/wp\/v2\/categories?post=382"},{"taxonomy":"post_tag","embeddable":true,"href":"https:\/\/blog.cancaonova.com\/paisecatequistas\/wp-json\/wp\/v2\/tags?post=382"}],"curies":[{"name":"wp","href":"https:\/\/api.w.org\/{rel}","templated":true}]}}