{"id":3929,"date":"2012-02-08T08:30:52","date_gmt":"2012-02-08T10:30:52","guid":{"rendered":"http:\/\/blog.cancaonova.com\/paisecatequistas\/?p=3929"},"modified":"2012-01-26T17:38:41","modified_gmt":"2012-01-26T19:38:41","slug":"a-cura-de-um-leproso","status":"publish","type":"post","link":"https:\/\/blog.cancaonova.com\/paisecatequistas\/a-cura-de-um-leproso\/","title":{"rendered":"A cura de um leproso"},"content":{"rendered":"<p>Ol\u00e1, pais e catequistas!<\/p>\n<p>O evangelho que iremos estudar hoje \u00e9 a passagem em que Jesus cura o Leproso. Esta passagem estar\u00e1 no evangelho desde domingo.<\/p>\n<p><img loading=\"lazy\" decoding=\"async\" src=\"http:\/\/blog.cancaonova.com\/cantinho\/files\/2012\/01\/12-05-_evangelho.jpg\" alt=\"\" width=\"383\" height=\"530\" \/><\/p>\n<p>Clique no desenho abaixo para imprimir e pintar<\/p>\n<p><a href=\"http:\/\/blog.cancaonova.com\/cantinho\/files\/2012\/01\/12-02-12_PARA-COLORIR.jpg\" target=\"_blank\"><img loading=\"lazy\" decoding=\"async\" src=\"http:\/\/blog.cancaonova.com\/cantinho\/files\/2012\/01\/12-02-12_PARA-COLORIR-230x300.jpg\" alt=\"desenho para colorir\" width=\"230\" height=\"300\" \/><\/a><\/p>\n","protected":false},"excerpt":{"rendered":"<p>Ol\u00e1, pais e catequistas! O evangelho que iremos estudar hoje \u00e9 a passagem em que Jesus cura o Leproso. Esta passagem estar\u00e1 no evangelho desde domingo. Clique no desenho abaixo para imprimir e pintar<\/p>\n","protected":false},"author":4414,"featured_media":0,"comment_status":"open","ping_status":"open","sticky":false,"template":"","format":"standard","meta":{"_mi_skip_tracking":false,"_monsterinsights_sitenote_active":false,"_monsterinsights_sitenote_note":"","_monsterinsights_sitenote_category":0,"footnotes":""},"categories":[17601],"tags":[26984,6,16773,15853,23430,18108],"_links":{"self":[{"href":"https:\/\/blog.cancaonova.com\/paisecatequistas\/wp-json\/wp\/v2\/posts\/3929"}],"collection":[{"href":"https:\/\/blog.cancaonova.com\/paisecatequistas\/wp-json\/wp\/v2\/posts"}],"about":[{"href":"https:\/\/blog.cancaonova.com\/paisecatequistas\/wp-json\/wp\/v2\/types\/post"}],"author":[{"embeddable":true,"href":"https:\/\/blog.cancaonova.com\/paisecatequistas\/wp-json\/wp\/v2\/users\/4414"}],"replies":[{"embeddable":true,"href":"https:\/\/blog.cancaonova.com\/paisecatequistas\/wp-json\/wp\/v2\/comments?post=3929"}],"version-history":[{"count":2,"href":"https:\/\/blog.cancaonova.com\/paisecatequistas\/wp-json\/wp\/v2\/posts\/3929\/revisions"}],"predecessor-version":[{"id":3943,"href":"https:\/\/blog.cancaonova.com\/paisecatequistas\/wp-json\/wp\/v2\/posts\/3929\/revisions\/3943"}],"wp:attachment":[{"href":"https:\/\/blog.cancaonova.com\/paisecatequistas\/wp-json\/wp\/v2\/media?parent=3929"}],"wp:term":[{"taxonomy":"category","embeddable":true,"href":"https:\/\/blog.cancaonova.com\/paisecatequistas\/wp-json\/wp\/v2\/categories?post=3929"},{"taxonomy":"post_tag","embeddable":true,"href":"https:\/\/blog.cancaonova.com\/paisecatequistas\/wp-json\/wp\/v2\/tags?post=3929"}],"curies":[{"name":"wp","href":"https:\/\/api.w.org\/{rel}","templated":true}]}}