{"id":393,"date":"2015-06-24T08:00:45","date_gmt":"2015-06-24T10:00:45","guid":{"rendered":"http:\/\/blog.cancaonova.com\/paisecatequistas\/?p=393"},"modified":"2015-05-22T15:25:36","modified_gmt":"2015-05-22T17:25:36","slug":"viva-sao-joao","status":"publish","type":"post","link":"https:\/\/blog.cancaonova.com\/paisecatequistas\/viva-sao-joao\/","title":{"rendered":"Viva S\u00e3o Jo\u00e3o!!!"},"content":{"rendered":"<p style=\"text-align: center\"><a href=\"http:\/\/blog.cancaonova.com\/paisecatequistas\/files\/2009\/06\/jogodasargolas-junina.jpg\"><img loading=\"lazy\" decoding=\"async\" class=\"alignnone size-full wp-image-394\" src=\"http:\/\/blog.cancaonova.com\/paisecatequistas\/files\/2009\/06\/jogodasargolas-junina.jpg\" alt=\"\" width=\"400\" height=\"300\" \/><\/a><\/p>\n<h2 style=\"text-align: center\">Ora\u00e7\u00e3o a S\u00e3o Jo\u00e3o Batista<\/h2>\n<table class=\"contentpaneopen\" border=\"0\">\n<tbody>\n<tr>\n<td style=\"text-align: justify\" colspan=\"2\" valign=\"top\">\u00d3 Glorioso S\u00e3o Jo\u00e3o Batista, pr\u00edncipe dos profetas, precursor do divino Redentor, primog\u00e9nito da gra\u00e7a de Jesus e da intercess\u00e3o de sua Sant\u00edssima M\u00e3e, que fostes grande diante do Senhor, pelos estupendos dons da gra\u00e7a de que fostes maravilhosamente enriquecido desde o ceio materno, e por vossas admir\u00e1veis virtudes, alcan\u00e7ai-me de Jesus, ardentemente vos suplico, que me d\u00ea a gra\u00e7a de o amar e servir com extremado afecto e dedica\u00e7\u00e3o at\u00e9 a morte. Alcan\u00e7ai-me tamb\u00e9m, meu excelso protector, singular devo\u00e7\u00e3o a Virgem Maria Sant\u00edssima, que por amor de v\u00f3s foi com pressa \u00e1 casa de vossa m\u00e3e S. Isabel,\u00a0para ser\u00a0cheio dos dons do Esp\u00edrito Santo. Se me conseguirdes estas duas gra\u00e7as, como muito espero de vossa grande bondade e poderoso valimento, estou certa de que, amando at\u00e9 a morte a Jesus e a Maria, salvarei minha alma e no c\u00e9u convosco e com todos os Anjos e Santos amarei e louvarei a Jesus e a Maria entre gozos e del\u00edcias eternas. Am\u00e9m.<\/td>\n<\/tr>\n<\/tbody>\n<\/table>\n<p>Deus aben\u00e7oe &#8211;<\/p>\n","protected":false},"excerpt":{"rendered":"<p>Ora\u00e7\u00e3o a S\u00e3o Jo\u00e3o Batista \u00d3 Glorioso S\u00e3o Jo\u00e3o Batista, pr\u00edncipe dos profetas, precursor do divino Redentor, primog\u00e9nito da gra\u00e7a de Jesus e da intercess\u00e3o de sua Sant\u00edssima M\u00e3e, que fostes grande diante do Senhor, pelos estupendos dons da gra\u00e7a&#8230;<\/p>\n","protected":false},"author":4340,"featured_media":0,"comment_status":"open","ping_status":"open","sticky":false,"template":"","format":"standard","meta":{"_mi_skip_tracking":false,"_monsterinsights_sitenote_active":false,"_monsterinsights_sitenote_note":"","_monsterinsights_sitenote_category":0,"footnotes":""},"categories":[23],"tags":[38,15774,18989,221,271,102786],"_links":{"self":[{"href":"https:\/\/blog.cancaonova.com\/paisecatequistas\/wp-json\/wp\/v2\/posts\/393"}],"collection":[{"href":"https:\/\/blog.cancaonova.com\/paisecatequistas\/wp-json\/wp\/v2\/posts"}],"about":[{"href":"https:\/\/blog.cancaonova.com\/paisecatequistas\/wp-json\/wp\/v2\/types\/post"}],"author":[{"embeddable":true,"href":"https:\/\/blog.cancaonova.com\/paisecatequistas\/wp-json\/wp\/v2\/users\/4340"}],"replies":[{"embeddable":true,"href":"https:\/\/blog.cancaonova.com\/paisecatequistas\/wp-json\/wp\/v2\/comments?post=393"}],"version-history":[{"count":8,"href":"https:\/\/blog.cancaonova.com\/paisecatequistas\/wp-json\/wp\/v2\/posts\/393\/revisions"}],"predecessor-version":[{"id":7293,"href":"https:\/\/blog.cancaonova.com\/paisecatequistas\/wp-json\/wp\/v2\/posts\/393\/revisions\/7293"}],"wp:attachment":[{"href":"https:\/\/blog.cancaonova.com\/paisecatequistas\/wp-json\/wp\/v2\/media?parent=393"}],"wp:term":[{"taxonomy":"category","embeddable":true,"href":"https:\/\/blog.cancaonova.com\/paisecatequistas\/wp-json\/wp\/v2\/categories?post=393"},{"taxonomy":"post_tag","embeddable":true,"href":"https:\/\/blog.cancaonova.com\/paisecatequistas\/wp-json\/wp\/v2\/tags?post=393"}],"curies":[{"name":"wp","href":"https:\/\/api.w.org\/{rel}","templated":true}]}}