{"id":3931,"date":"2012-02-15T08:30:48","date_gmt":"2012-02-15T10:30:48","guid":{"rendered":"http:\/\/blog.cancaonova.com\/paisecatequistas\/?p=3931"},"modified":"2012-02-01T08:59:20","modified_gmt":"2012-02-01T10:59:20","slug":"3931","status":"publish","type":"post","link":"https:\/\/blog.cancaonova.com\/paisecatequistas\/3931\/","title":{"rendered":"Missa de domingo"},"content":{"rendered":"<p>Ol\u00e1, pais e catequista!<\/p>\n<p>Na missa deste domingo, a passagem que ir\u00e1 ser trabalhada ser\u00e1 a &#8220;A Cura de um Paral\u00edtico&#8221;. Nesta passagem o paral\u00edtico chega em Jesus pelo teto da casa, e \u00e9 curado por ele.<\/p>\n<p><img loading=\"lazy\" decoding=\"async\" src=\"http:\/\/blog.cancaonova.com\/cantinho\/files\/2012\/01\/cura-do-paral\u00edtico_19-02-12.jpg\" alt=\"evangelho de domingo\" width=\"400\" height=\"523\" \/><\/p>\n<p>Clique no desenho abaixo para abrir, imprimir e colorir.<\/p>\n<p><a href=\"http:\/\/blog.cancaonova.com\/cantinho\/files\/2012\/01\/19-02-01_PARA-COLORIR.jpg\" target=\"_blank\"><img loading=\"lazy\" decoding=\"async\" src=\"http:\/\/blog.cancaonova.com\/cantinho\/files\/2012\/01\/19-02-01_PARA-COLORIR-230x300.jpg\" alt=\"evangelho paralitico colorir\" width=\"230\" height=\"300\" \/><\/a><\/p>\n","protected":false},"excerpt":{"rendered":"<p>Ol\u00e1, pais e catequista! Na missa deste domingo, a passagem que ir\u00e1 ser trabalhada ser\u00e1 a &#8220;A Cura de um Paral\u00edtico&#8221;. Nesta passagem o paral\u00edtico chega em Jesus pelo teto da casa, e \u00e9 curado por ele. Clique no desenho&#8230;<\/p>\n","protected":false},"author":4414,"featured_media":0,"comment_status":"open","ping_status":"open","sticky":false,"template":"","format":"standard","meta":{"_mi_skip_tracking":false,"_monsterinsights_sitenote_active":false,"_monsterinsights_sitenote_note":"","_monsterinsights_sitenote_category":0,"footnotes":""},"categories":[17601],"tags":[17108,15161,6,16773,19413,24479],"_links":{"self":[{"href":"https:\/\/blog.cancaonova.com\/paisecatequistas\/wp-json\/wp\/v2\/posts\/3931"}],"collection":[{"href":"https:\/\/blog.cancaonova.com\/paisecatequistas\/wp-json\/wp\/v2\/posts"}],"about":[{"href":"https:\/\/blog.cancaonova.com\/paisecatequistas\/wp-json\/wp\/v2\/types\/post"}],"author":[{"embeddable":true,"href":"https:\/\/blog.cancaonova.com\/paisecatequistas\/wp-json\/wp\/v2\/users\/4414"}],"replies":[{"embeddable":true,"href":"https:\/\/blog.cancaonova.com\/paisecatequistas\/wp-json\/wp\/v2\/comments?post=3931"}],"version-history":[{"count":3,"href":"https:\/\/blog.cancaonova.com\/paisecatequistas\/wp-json\/wp\/v2\/posts\/3931\/revisions"}],"predecessor-version":[{"id":3937,"href":"https:\/\/blog.cancaonova.com\/paisecatequistas\/wp-json\/wp\/v2\/posts\/3931\/revisions\/3937"}],"wp:attachment":[{"href":"https:\/\/blog.cancaonova.com\/paisecatequistas\/wp-json\/wp\/v2\/media?parent=3931"}],"wp:term":[{"taxonomy":"category","embeddable":true,"href":"https:\/\/blog.cancaonova.com\/paisecatequistas\/wp-json\/wp\/v2\/categories?post=3931"},{"taxonomy":"post_tag","embeddable":true,"href":"https:\/\/blog.cancaonova.com\/paisecatequistas\/wp-json\/wp\/v2\/tags?post=3931"}],"curies":[{"name":"wp","href":"https:\/\/api.w.org\/{rel}","templated":true}]}}