{"id":3933,"date":"2012-02-22T08:30:49","date_gmt":"2012-02-22T10:30:49","guid":{"rendered":"http:\/\/blog.cancaonova.com\/paisecatequistas\/?p=3933"},"modified":"2012-02-01T09:03:21","modified_gmt":"2012-02-01T11:03:21","slug":"3933","status":"publish","type":"post","link":"https:\/\/blog.cancaonova.com\/paisecatequistas\/3933\/","title":{"rendered":"O combate do guerreiro"},"content":{"rendered":"<p>Ol\u00e1, pais e catequistas!<\/p>\n<p>Neste final de semana iremos falar sobre &#8220;A Tenta\u00e7\u00e3o de Jesus&#8221;, esta passagem que narra os 40 dias em que Jesus passou no deserto, sentindo fome, frio, calor, e foi muito atentado pelo dem\u00f4nio.<\/p>\n<p><img loading=\"lazy\" decoding=\"async\" src=\"http:\/\/blog.cancaonova.com\/cantinho\/files\/2012\/01\/26-02-12-evangelho.jpg\" alt=\"evangelho tenta\u00e7\u00e3o deserto\" width=\"384\" height=\"572\" \/><\/p>\n<p>Clique no desenho para imprimir e colorir.<\/p>\n<p><a href=\"http:\/\/blog.cancaonova.com\/cantinho\/files\/2012\/01\/26-02-12_PARA-COLORIR.jpg\" target=\"_blank\"><img loading=\"lazy\" decoding=\"async\" src=\"http:\/\/blog.cancaonova.com\/cantinho\/files\/2012\/01\/26-02-12_PARA-COLORIR-230x300.jpg\" alt=\"\" width=\"230\" height=\"300\" \/><\/a><\/p>\n","protected":false},"excerpt":{"rendered":"<p>Ol\u00e1, pais e catequistas! Neste final de semana iremos falar sobre &#8220;A Tenta\u00e7\u00e3o de Jesus&#8221;, esta passagem que narra os 40 dias em que Jesus passou no deserto, sentindo fome, frio, calor, e foi muito atentado pelo dem\u00f4nio. Clique no&#8230;<\/p>\n","protected":false},"author":4414,"featured_media":0,"comment_status":"open","ping_status":"open","sticky":false,"template":"","format":"standard","meta":{"_mi_skip_tracking":false,"_monsterinsights_sitenote_active":false,"_monsterinsights_sitenote_note":"","_monsterinsights_sitenote_category":0,"footnotes":""},"categories":[17601],"tags":[15161,23950,17054,16636,221,16399],"_links":{"self":[{"href":"https:\/\/blog.cancaonova.com\/paisecatequistas\/wp-json\/wp\/v2\/posts\/3933"}],"collection":[{"href":"https:\/\/blog.cancaonova.com\/paisecatequistas\/wp-json\/wp\/v2\/posts"}],"about":[{"href":"https:\/\/blog.cancaonova.com\/paisecatequistas\/wp-json\/wp\/v2\/types\/post"}],"author":[{"embeddable":true,"href":"https:\/\/blog.cancaonova.com\/paisecatequistas\/wp-json\/wp\/v2\/users\/4414"}],"replies":[{"embeddable":true,"href":"https:\/\/blog.cancaonova.com\/paisecatequistas\/wp-json\/wp\/v2\/comments?post=3933"}],"version-history":[{"count":3,"href":"https:\/\/blog.cancaonova.com\/paisecatequistas\/wp-json\/wp\/v2\/posts\/3933\/revisions"}],"predecessor-version":[{"id":3941,"href":"https:\/\/blog.cancaonova.com\/paisecatequistas\/wp-json\/wp\/v2\/posts\/3933\/revisions\/3941"}],"wp:attachment":[{"href":"https:\/\/blog.cancaonova.com\/paisecatequistas\/wp-json\/wp\/v2\/media?parent=3933"}],"wp:term":[{"taxonomy":"category","embeddable":true,"href":"https:\/\/blog.cancaonova.com\/paisecatequistas\/wp-json\/wp\/v2\/categories?post=3933"},{"taxonomy":"post_tag","embeddable":true,"href":"https:\/\/blog.cancaonova.com\/paisecatequistas\/wp-json\/wp\/v2\/tags?post=3933"}],"curies":[{"name":"wp","href":"https:\/\/api.w.org\/{rel}","templated":true}]}}