{"id":3976,"date":"2012-02-28T09:00:34","date_gmt":"2012-02-28T11:00:34","guid":{"rendered":"http:\/\/blog.cancaonova.com\/paisecatequistas\/?p=3976"},"modified":"2012-02-27T10:44:32","modified_gmt":"2012-02-27T12:44:32","slug":"mudancas-no-conteudo","status":"publish","type":"post","link":"https:\/\/blog.cancaonova.com\/paisecatequistas\/mudancas-no-conteudo\/","title":{"rendered":"Atividades para quaresma"},"content":{"rendered":"<p>Ol\u00e1 pais e catequistas a paz de Jesus.<\/p>\n<p>Estamos no per\u00edodo da quaresma e estamos seguindo as atividades propostas pelo livro Retiro Popular 2012;<\/p>\n<p>Cronograma semanal para a quaresma:<\/p>\n<p>Segunda: Ora\u00e7\u00e3o em fam\u00edlia;<br \/>\nTer\u00e7a: Caridade;<br \/>\nQuarta: Quaresma da fraternidade;<br \/>\nQuinta: Quaresma\u00a0Eucar\u00edstica;<br \/>\nSexta: Quaresma da\u00a0penit\u00eancia;<\/p>\n<p>Para a catequese a sugest\u00e3o \u00e9 trabalhar cada encontro um desse temas.<br \/>\nDeixe seu coment\u00e1rio contando o que achou, e alguma sugest\u00e3o.<\/p>\n","protected":false},"excerpt":{"rendered":"<p>Ol\u00e1 pais e catequistas a paz de Jesus. Estamos no per\u00edodo da quaresma e estamos seguindo as atividades propostas pelo livro Retiro Popular 2012; Cronograma semanal para a quaresma: Segunda: Ora\u00e7\u00e3o em fam\u00edlia; Ter\u00e7a: Caridade; Quarta: Quaresma da fraternidade; Quinta:&#8230;<\/p>\n","protected":false},"author":4340,"featured_media":0,"comment_status":"open","ping_status":"open","sticky":false,"template":"","format":"standard","meta":{"_mi_skip_tracking":false,"_monsterinsights_sitenote_active":false,"_monsterinsights_sitenote_note":"","_monsterinsights_sitenote_category":0,"footnotes":""},"categories":[16089],"tags":[45592,118259,561,23684,118258],"_links":{"self":[{"href":"https:\/\/blog.cancaonova.com\/paisecatequistas\/wp-json\/wp\/v2\/posts\/3976"}],"collection":[{"href":"https:\/\/blog.cancaonova.com\/paisecatequistas\/wp-json\/wp\/v2\/posts"}],"about":[{"href":"https:\/\/blog.cancaonova.com\/paisecatequistas\/wp-json\/wp\/v2\/types\/post"}],"author":[{"embeddable":true,"href":"https:\/\/blog.cancaonova.com\/paisecatequistas\/wp-json\/wp\/v2\/users\/4340"}],"replies":[{"embeddable":true,"href":"https:\/\/blog.cancaonova.com\/paisecatequistas\/wp-json\/wp\/v2\/comments?post=3976"}],"version-history":[{"count":5,"href":"https:\/\/blog.cancaonova.com\/paisecatequistas\/wp-json\/wp\/v2\/posts\/3976\/revisions"}],"predecessor-version":[{"id":3986,"href":"https:\/\/blog.cancaonova.com\/paisecatequistas\/wp-json\/wp\/v2\/posts\/3976\/revisions\/3986"}],"wp:attachment":[{"href":"https:\/\/blog.cancaonova.com\/paisecatequistas\/wp-json\/wp\/v2\/media?parent=3976"}],"wp:term":[{"taxonomy":"category","embeddable":true,"href":"https:\/\/blog.cancaonova.com\/paisecatequistas\/wp-json\/wp\/v2\/categories?post=3976"},{"taxonomy":"post_tag","embeddable":true,"href":"https:\/\/blog.cancaonova.com\/paisecatequistas\/wp-json\/wp\/v2\/tags?post=3976"}],"curies":[{"name":"wp","href":"https:\/\/api.w.org\/{rel}","templated":true}]}}