{"id":3979,"date":"2012-02-27T15:00:57","date_gmt":"2012-02-27T17:00:57","guid":{"rendered":"http:\/\/blog.cancaonova.com\/paisecatequistas\/?p=3979"},"modified":"2012-02-27T10:31:27","modified_gmt":"2012-02-27T12:31:27","slug":"retiro-popular-2012","status":"publish","type":"post","link":"https:\/\/blog.cancaonova.com\/paisecatequistas\/retiro-popular-2012\/","title":{"rendered":"Retiro Popular 2012"},"content":{"rendered":"<p style=\"text-align: justify\">A dica dessa semana \u00e9 o livro \u00a0Retiro Popular 2012, de autoria de Dom Alberto Taveira Corr\u00eaa<br \/>\nDurante a quaresma esse ser\u00e1 o livro utilizado no blog para propor temas e conte\u00fados para a catequese e forma\u00e7\u00e3o para os pais. Deixe seu coment\u00e1rio contando o que achou dessa dica e desse livro que ser\u00e1 nosso roteiro nessa quaresma.<br \/>\n<a href=\"http:\/\/loja.cancaonova.com\/products\/18291-livro-retiro-popular-2012-tu-es-o-cristo-o-filho-do-deus-vivo\" target=\"_blank\"><img loading=\"lazy\" decoding=\"async\" class=\"size-full wp-image-3980 alignleft\" src=\"http:\/\/blog.cancaonova.com\/paisecatequistas\/files\/2012\/02\/tu-es-o-cristo-retiro-popular-2012.png\" alt=\"\" width=\"200\" height=\"299\" \/><\/a><\/p>\n<p><object classid=\"d27cdb6e-ae6d-11cf-96b8-444553540000\" width=\"420\" height=\"315\"><param name=\"allowFullScreen\" value=\"true\" \/><param name=\"allowscriptaccess\" value=\"always\" \/><param name=\"src\" value=\"http:\/\/www.youtube.com\/v\/QmWPsd6mRmY?version=3&amp;hl=pt_BR&amp;rel=0\" \/><param name=\"allowfullscreen\" value=\"true\" \/><embed type=\"application\/x-shockwave-flash\" width=\"420\" height=\"315\" src=\"http:\/\/www.youtube.com\/v\/QmWPsd6mRmY?version=3&amp;hl=pt_BR&amp;rel=0\" allowscriptaccess=\"always\" allowfullscreen=\"true\"><\/embed><\/object><\/p>\n","protected":false},"excerpt":{"rendered":"<p>A dica dessa semana \u00e9 o livro \u00a0Retiro Popular 2012, de autoria de Dom Alberto Taveira Corr\u00eaa Durante a quaresma esse ser\u00e1 o livro utilizado no blog para propor temas e conte\u00fados para a catequese e forma\u00e7\u00e3o para os pais&#8230;.<\/p>\n","protected":false},"author":4340,"featured_media":0,"comment_status":"open","ping_status":"open","sticky":false,"template":"","format":"standard","meta":{"_mi_skip_tracking":false,"_monsterinsights_sitenote_active":false,"_monsterinsights_sitenote_note":"","_monsterinsights_sitenote_category":0,"footnotes":""},"categories":[27817],"tags":[22590,28675,118255,22],"_links":{"self":[{"href":"https:\/\/blog.cancaonova.com\/paisecatequistas\/wp-json\/wp\/v2\/posts\/3979"}],"collection":[{"href":"https:\/\/blog.cancaonova.com\/paisecatequistas\/wp-json\/wp\/v2\/posts"}],"about":[{"href":"https:\/\/blog.cancaonova.com\/paisecatequistas\/wp-json\/wp\/v2\/types\/post"}],"author":[{"embeddable":true,"href":"https:\/\/blog.cancaonova.com\/paisecatequistas\/wp-json\/wp\/v2\/users\/4340"}],"replies":[{"embeddable":true,"href":"https:\/\/blog.cancaonova.com\/paisecatequistas\/wp-json\/wp\/v2\/comments?post=3979"}],"version-history":[{"count":3,"href":"https:\/\/blog.cancaonova.com\/paisecatequistas\/wp-json\/wp\/v2\/posts\/3979\/revisions"}],"predecessor-version":[{"id":3983,"href":"https:\/\/blog.cancaonova.com\/paisecatequistas\/wp-json\/wp\/v2\/posts\/3979\/revisions\/3983"}],"wp:attachment":[{"href":"https:\/\/blog.cancaonova.com\/paisecatequistas\/wp-json\/wp\/v2\/media?parent=3979"}],"wp:term":[{"taxonomy":"category","embeddable":true,"href":"https:\/\/blog.cancaonova.com\/paisecatequistas\/wp-json\/wp\/v2\/categories?post=3979"},{"taxonomy":"post_tag","embeddable":true,"href":"https:\/\/blog.cancaonova.com\/paisecatequistas\/wp-json\/wp\/v2\/tags?post=3979"}],"curies":[{"name":"wp","href":"https:\/\/api.w.org\/{rel}","templated":true}]}}