{"id":398,"date":"2016-06-29T08:00:11","date_gmt":"2016-06-29T10:00:11","guid":{"rendered":"http:\/\/blog.cancaonova.com\/paisecatequistas\/?p=398"},"modified":"2016-06-15T12:33:17","modified_gmt":"2016-06-15T14:33:17","slug":"festa-de-sao-pedro-e-paulo","status":"publish","type":"post","link":"https:\/\/blog.cancaonova.com\/paisecatequistas\/festa-de-sao-pedro-e-paulo\/","title":{"rendered":"Festa de S\u00e3o Pedro e Paulo"},"content":{"rendered":"<p style=\"text-align: center\"><a href=\"http:\/\/blog.cancaonova.com\/paisecatequistas\/files\/2009\/06\/chave.jpg\"><img loading=\"lazy\" decoding=\"async\" class=\"alignnone size-full wp-image-399\" src=\"http:\/\/blog.cancaonova.com\/paisecatequistas\/files\/2009\/06\/chave.jpg\" alt=\"\" width=\"400\" height=\"300\" \/><\/a><\/p>\n<p style=\"text-align: justify\">Hoje, a Igreja do mundo inteiro celebra a santidade de vida de S\u00e3o Pedro e S\u00e3o Paulo. Estes santos s\u00e3o considerados &#8220;os cabe\u00e7as dos ap\u00f3stolos&#8221;, por terem sido os principais l\u00edderes da Igreja Crist\u00e3 Primitiva, tanto por sua f\u00e9 e prega\u00e7\u00e3o, como pelo ardor e zelo mission\u00e1rios.<\/p>\n<p style=\"text-align: justify\">Pedro, que tinha como primeiro nome Sim\u00e3o, era natural de Betsaida, irm\u00e3o do Ap\u00f3stolo Andr\u00e9. Pescador, foi chamado pelo pr\u00f3prio Jesus e, deixando tudo, seguiu ao Mestre, estando presente nos momentos mais importantes da vida do Senhor, que lhe deu o nome de Pedro. Em princ\u00edpio, fraco na f\u00e9, chegou a negar Jesus durante o processo que culminaria em Sua morte por crucifix\u00e3o. O pr\u00f3prio Senhor o confirmou na f\u00e9 ap\u00f3s Sua ressurrei\u00e7\u00e3o (da qual o ap\u00f3stolo foi testemunha), tornando-o intr\u00e9pido pregador do Evangelho atrav\u00e9s da descida do Esp\u00edrito Santo de Deus, no Dia de Pentecostes, o que o tornou l\u00edder da primeira comunidade. Pregou no dia de Pentecostes e selou seu apostolado com o pr\u00f3prio sangue, pois foi martirizado em uma das persegui\u00e7\u00f5es aos crist\u00e3os, sendo crucificado de cabe\u00e7a para baixo a seu pr\u00f3prio pedido, por n\u00e3o se julgar digno de morrer como Seu Senhor, Jesus Cristo.<\/p>\n<p style=\"text-align: justify\">Escreveu duas Ep\u00edstolas e, provavelmente, foi a fonte de informa\u00e7\u00f5es para que S\u00e3o Marcos escrevesse seu Evangelho.<\/p>\n<p style=\"text-align: justify\">Paulo, que tinha como nome antes da convers\u00e3o, Saulo ou Saul, era natural de Tarso. Recebeu educa\u00e7\u00e3o esmerada &#8220;aos p\u00e9s de Gamaliel&#8221;, um dos grandes Mestres da Lei da \u00e9poca. Tornou-se fariseu zeloso, a ponto de perseguir e aprisionar os crist\u00e3os, sendo respons\u00e1vel pela morte de muitos deles.<\/p>\n<p style=\"text-align: justify\">Converteu-se \u00e0 f\u00e9 crist\u00e3 no caminho de Damasco, quando o pr\u00f3prio Senhor Ressuscitado lhe apareceu e o chamou para o apostolado. Recebeu o Batismo do Esp\u00edrito Santo e preparou-se para o minist\u00e9rio. Tornou-se um grande mission\u00e1rio e doutrinador, fundando muitas comunidades. De perseguidor passou a perseguido, sofreu muito pela f\u00e9 e foi coroado com o mart\u00edrio, sofrendo morte por decapita\u00e7\u00e3o.<\/p>\n<p style=\"text-align: justify\">Escreveu treze Ep\u00edstolas e ficou conhecido como o &#8220;Ap\u00f3stolo dos gentios&#8221;.<\/p>\n<p style=\"text-align: justify\">Deus aben\u00e7oe voc\u00ea.<\/p>\n<p style=\"text-align: justify\">\n","protected":false},"excerpt":{"rendered":"<p>Hoje, a Igreja do mundo inteiro celebra a santidade de vida de S\u00e3o Pedro e S\u00e3o Paulo. Estes santos s\u00e3o considerados &#8220;os cabe\u00e7as dos ap\u00f3stolos&#8221;, por terem sido os principais l\u00edderes da Igreja Crist\u00e3 Primitiva, tanto por sua f\u00e9 e&#8230;<\/p>\n","protected":false},"author":4340,"featured_media":0,"comment_status":"open","ping_status":"open","sticky":false,"template":"","format":"standard","meta":{"_mi_skip_tracking":false,"_monsterinsights_sitenote_active":false,"_monsterinsights_sitenote_note":"","_monsterinsights_sitenote_category":0,"footnotes":""},"categories":[23],"tags":[102571,102785,24827,7901,102570,96844],"_links":{"self":[{"href":"https:\/\/blog.cancaonova.com\/paisecatequistas\/wp-json\/wp\/v2\/posts\/398"}],"collection":[{"href":"https:\/\/blog.cancaonova.com\/paisecatequistas\/wp-json\/wp\/v2\/posts"}],"about":[{"href":"https:\/\/blog.cancaonova.com\/paisecatequistas\/wp-json\/wp\/v2\/types\/post"}],"author":[{"embeddable":true,"href":"https:\/\/blog.cancaonova.com\/paisecatequistas\/wp-json\/wp\/v2\/users\/4340"}],"replies":[{"embeddable":true,"href":"https:\/\/blog.cancaonova.com\/paisecatequistas\/wp-json\/wp\/v2\/comments?post=398"}],"version-history":[{"count":8,"href":"https:\/\/blog.cancaonova.com\/paisecatequistas\/wp-json\/wp\/v2\/posts\/398\/revisions"}],"predecessor-version":[{"id":7948,"href":"https:\/\/blog.cancaonova.com\/paisecatequistas\/wp-json\/wp\/v2\/posts\/398\/revisions\/7948"}],"wp:attachment":[{"href":"https:\/\/blog.cancaonova.com\/paisecatequistas\/wp-json\/wp\/v2\/media?parent=398"}],"wp:term":[{"taxonomy":"category","embeddable":true,"href":"https:\/\/blog.cancaonova.com\/paisecatequistas\/wp-json\/wp\/v2\/categories?post=398"},{"taxonomy":"post_tag","embeddable":true,"href":"https:\/\/blog.cancaonova.com\/paisecatequistas\/wp-json\/wp\/v2\/tags?post=398"}],"curies":[{"name":"wp","href":"https:\/\/api.w.org\/{rel}","templated":true}]}}