{"id":3988,"date":"2012-03-01T09:00:40","date_gmt":"2012-03-01T11:00:40","guid":{"rendered":"http:\/\/blog.cancaonova.com\/paisecatequistas\/?p=3988"},"modified":"2012-02-27T10:53:38","modified_gmt":"2012-02-27T12:53:38","slug":"oracao-tema-dessa-semana","status":"publish","type":"post","link":"https:\/\/blog.cancaonova.com\/paisecatequistas\/oracao-tema-dessa-semana\/","title":{"rendered":"Ora\u00e7\u00e3o tema dessa semana"},"content":{"rendered":"<p>Ol\u00e1 Pais e catequistas a paz de Jesus.<\/p>\n<p>A dica dessa semana para \u00a0a catequese \u00a0\u00e9 a ora\u00e7\u00e3o.<\/p>\n<p><strong>Encontro<\/strong><br \/>\nInciar o encontro com \u00a0a sua ora\u00e7\u00e3o preferida de prefer\u00eancia.<\/p>\n<p>Forma\u00e7\u00e3o: O ora\u00e7\u00e3o em fam\u00edlia, falar sobre a ora\u00e7\u00e3o nas casas com os pais e av\u00f4s.<\/p>\n<p>Din\u00e2mica: Ora\u00e7\u00e3o preferida<br \/>\nComo fazer: Pedir para cada catequizando escrever em uma folha sem se identificar \u00a0qual a sua ora\u00e7\u00e3o preferida e com quem aprendeu.<\/p>\n<p>Recolher todas as ora\u00e7\u00f5es e distribuir entre a turma, fazendo assim que cada uma fique com um ora\u00e7\u00e3o, para rezar durante a semana.<\/p>\n<p>Deixe seu coment\u00e1rio contando o que achou, e alguma sugest\u00e3o.<\/p>\n","protected":false},"excerpt":{"rendered":"<p>Ol\u00e1 Pais e catequistas a paz de Jesus. A dica dessa semana para \u00a0a catequese \u00a0\u00e9 a ora\u00e7\u00e3o. Encontro Inciar o encontro com \u00a0a sua ora\u00e7\u00e3o preferida de prefer\u00eancia. Forma\u00e7\u00e3o: O ora\u00e7\u00e3o em fam\u00edlia, falar sobre a ora\u00e7\u00e3o nas casas&#8230;<\/p>\n","protected":false},"author":4340,"featured_media":0,"comment_status":"open","ping_status":"open","sticky":false,"template":"","format":"standard","meta":{"_mi_skip_tracking":false,"_monsterinsights_sitenote_active":false,"_monsterinsights_sitenote_note":"","_monsterinsights_sitenote_category":0,"footnotes":""},"categories":[16089],"tags":[16672,15521,19992],"_links":{"self":[{"href":"https:\/\/blog.cancaonova.com\/paisecatequistas\/wp-json\/wp\/v2\/posts\/3988"}],"collection":[{"href":"https:\/\/blog.cancaonova.com\/paisecatequistas\/wp-json\/wp\/v2\/posts"}],"about":[{"href":"https:\/\/blog.cancaonova.com\/paisecatequistas\/wp-json\/wp\/v2\/types\/post"}],"author":[{"embeddable":true,"href":"https:\/\/blog.cancaonova.com\/paisecatequistas\/wp-json\/wp\/v2\/users\/4340"}],"replies":[{"embeddable":true,"href":"https:\/\/blog.cancaonova.com\/paisecatequistas\/wp-json\/wp\/v2\/comments?post=3988"}],"version-history":[{"count":1,"href":"https:\/\/blog.cancaonova.com\/paisecatequistas\/wp-json\/wp\/v2\/posts\/3988\/revisions"}],"predecessor-version":[{"id":3989,"href":"https:\/\/blog.cancaonova.com\/paisecatequistas\/wp-json\/wp\/v2\/posts\/3988\/revisions\/3989"}],"wp:attachment":[{"href":"https:\/\/blog.cancaonova.com\/paisecatequistas\/wp-json\/wp\/v2\/media?parent=3988"}],"wp:term":[{"taxonomy":"category","embeddable":true,"href":"https:\/\/blog.cancaonova.com\/paisecatequistas\/wp-json\/wp\/v2\/categories?post=3988"},{"taxonomy":"post_tag","embeddable":true,"href":"https:\/\/blog.cancaonova.com\/paisecatequistas\/wp-json\/wp\/v2\/tags?post=3988"}],"curies":[{"name":"wp","href":"https:\/\/api.w.org\/{rel}","templated":true}]}}