{"id":3990,"date":"2015-03-04T09:00:45","date_gmt":"2015-03-04T11:00:45","guid":{"rendered":"http:\/\/blog.cancaonova.com\/paisecatequistas\/?p=3990"},"modified":"2015-02-25T09:48:56","modified_gmt":"2015-02-25T11:48:56","slug":"caridade-tema-dessa-semana","status":"publish","type":"post","link":"https:\/\/blog.cancaonova.com\/paisecatequistas\/caridade-tema-dessa-semana\/","title":{"rendered":"Caridade tema dessa semana"},"content":{"rendered":"<p><span style=\"text-align: center\">Partilhar \u00e9 Amar! <\/span><\/p>\n<p style=\"text-align: justify\"><a href=\"http:\/\/blog.cancaonova.com\/paisecatequistas\/files\/2012\/03\/caridade.jpg\"><img loading=\"lazy\" decoding=\"async\" class=\"size-full wp-image-4029   alignleft\" src=\"http:\/\/blog.cancaonova.com\/paisecatequistas\/files\/2012\/03\/caridade.jpg\" alt=\"\" width=\"400\" height=\"328\" srcset=\"https:\/\/blog.cancaonova.com\/paisecatequistas\/files\/2012\/03\/caridade.jpg 400w, https:\/\/blog.cancaonova.com\/paisecatequistas\/files\/2012\/03\/caridade-300x246.jpg 300w\" sizes=\"(max-width: 400px) 100vw, 400px\" \/><\/a><\/p>\n<p style=\"text-align: justify\">Ent\u00e3o a dica \u00e9 incentivar seus filhos e catequizando a fazer uma limpeza no seu guarda-roupa ou caixa de brinquedo, e separa uma ou mais pe\u00e7as que n\u00e3o utilizaram nos\u00a0\u00faltimos\u00a0tempo e levar no\u00a0pr\u00f3ximo\u00a0encontro da catequese.<\/p>\n<p style=\"text-align: justify\">A ideia \u00e9 incentivar os catequizandos a fazer caridade de cora\u00e7\u00e3o.<br \/>\nA cada encontro faremos uma caridade diferente, arrecadar roupas, mantimentos e tudo que for arrecadado durante a quaresma \u00a0a ideia e marcar um encontro da catequese \u00a0para doar para alguma institui\u00e7\u00e3o.<\/p>\n","protected":false},"excerpt":{"rendered":"<p>Partilhar \u00e9 Amar! Ent\u00e3o a dica \u00e9 incentivar seus filhos e catequizando a fazer uma limpeza no seu guarda-roupa ou caixa de brinquedo, e separa uma ou mais pe\u00e7as que n\u00e3o utilizaram nos\u00a0\u00faltimos\u00a0tempo e levar no\u00a0pr\u00f3ximo\u00a0encontro da catequese. A ideia&#8230;<\/p>\n","protected":false},"author":4340,"featured_media":0,"comment_status":"open","ping_status":"open","sticky":false,"template":"","format":"standard","meta":{"_mi_skip_tracking":false,"_monsterinsights_sitenote_active":false,"_monsterinsights_sitenote_note":"","_monsterinsights_sitenote_category":0,"footnotes":""},"categories":[16089],"tags":[15812,17604,561],"_links":{"self":[{"href":"https:\/\/blog.cancaonova.com\/paisecatequistas\/wp-json\/wp\/v2\/posts\/3990"}],"collection":[{"href":"https:\/\/blog.cancaonova.com\/paisecatequistas\/wp-json\/wp\/v2\/posts"}],"about":[{"href":"https:\/\/blog.cancaonova.com\/paisecatequistas\/wp-json\/wp\/v2\/types\/post"}],"author":[{"embeddable":true,"href":"https:\/\/blog.cancaonova.com\/paisecatequistas\/wp-json\/wp\/v2\/users\/4340"}],"replies":[{"embeddable":true,"href":"https:\/\/blog.cancaonova.com\/paisecatequistas\/wp-json\/wp\/v2\/comments?post=3990"}],"version-history":[{"count":9,"href":"https:\/\/blog.cancaonova.com\/paisecatequistas\/wp-json\/wp\/v2\/posts\/3990\/revisions"}],"predecessor-version":[{"id":7111,"href":"https:\/\/blog.cancaonova.com\/paisecatequistas\/wp-json\/wp\/v2\/posts\/3990\/revisions\/7111"}],"wp:attachment":[{"href":"https:\/\/blog.cancaonova.com\/paisecatequistas\/wp-json\/wp\/v2\/media?parent=3990"}],"wp:term":[{"taxonomy":"category","embeddable":true,"href":"https:\/\/blog.cancaonova.com\/paisecatequistas\/wp-json\/wp\/v2\/categories?post=3990"},{"taxonomy":"post_tag","embeddable":true,"href":"https:\/\/blog.cancaonova.com\/paisecatequistas\/wp-json\/wp\/v2\/tags?post=3990"}],"curies":[{"name":"wp","href":"https:\/\/api.w.org\/{rel}","templated":true}]}}