{"id":4002,"date":"2012-02-29T08:30:11","date_gmt":"2012-02-29T10:30:11","guid":{"rendered":"http:\/\/blog.cancaonova.com\/paisecatequistas\/?p=4002"},"modified":"2012-03-13T10:02:00","modified_gmt":"2012-03-13T12:02:00","slug":"a-transfiguracao-de-jesus","status":"publish","type":"post","link":"https:\/\/blog.cancaonova.com\/paisecatequistas\/a-transfiguracao-de-jesus\/","title":{"rendered":"A transfigura\u00e7\u00e3o de Jesus"},"content":{"rendered":"<p>Ol\u00e1, Pais e Catequista!<\/p>\n<p>Este \u00e9 o evangelho que ser\u00e1 trabalhado na missa de domingo, que fala sobre a transfigura\u00e7\u00e3o de Jesus.<\/p>\n<p><img loading=\"lazy\" decoding=\"async\" class=\"aligncenter size-full wp-image-4003\" src=\"http:\/\/blog.cancaonova.com\/paisecatequistas\/files\/2012\/02\/04-03-12.jpg\" alt=\"\" width=\"399\" height=\"502\" srcset=\"https:\/\/blog.cancaonova.com\/paisecatequistas\/files\/2012\/02\/04-03-12.jpg 399w, https:\/\/blog.cancaonova.com\/paisecatequistas\/files\/2012\/02\/04-03-12-238x300.jpg 238w\" sizes=\"(max-width: 399px) 100vw, 399px\" \/><\/p>\n<p>Clique no desenho abaixo para imprimir e colorir.<\/p>\n<p><a href=\"http:\/\/blog.cancaonova.com\/paisecatequistas\/files\/2012\/02\/04-03-12_para-colorir.jpg\" target=\"_blank\"><img loading=\"lazy\" decoding=\"async\" class=\"aligncenter size-medium wp-image-4004\" src=\"http:\/\/blog.cancaonova.com\/paisecatequistas\/files\/2012\/02\/04-03-12_para-colorir-230x300.jpg\" alt=\"\" width=\"230\" height=\"300\" srcset=\"https:\/\/blog.cancaonova.com\/paisecatequistas\/files\/2012\/02\/04-03-12_para-colorir-230x300.jpg 230w, https:\/\/blog.cancaonova.com\/paisecatequistas\/files\/2012\/02\/04-03-12_para-colorir.jpg 400w\" sizes=\"(max-width: 230px) 100vw, 230px\" \/><\/a><\/p>\n","protected":false},"excerpt":{"rendered":"<p>Ol\u00e1, Pais e Catequista! Este \u00e9 o evangelho que ser\u00e1 trabalhado na missa de domingo, que fala sobre a transfigura\u00e7\u00e3o de Jesus. Clique no desenho abaixo para imprimir e colorir.<\/p>\n","protected":false},"author":4414,"featured_media":0,"comment_status":"open","ping_status":"open","sticky":false,"template":"","format":"standard","meta":{"_mi_skip_tracking":false,"_monsterinsights_sitenote_active":false,"_monsterinsights_sitenote_note":"","_monsterinsights_sitenote_category":0,"footnotes":""},"categories":[16089,17601],"tags":[16067,6851,32226,41118,15853],"_links":{"self":[{"href":"https:\/\/blog.cancaonova.com\/paisecatequistas\/wp-json\/wp\/v2\/posts\/4002"}],"collection":[{"href":"https:\/\/blog.cancaonova.com\/paisecatequistas\/wp-json\/wp\/v2\/posts"}],"about":[{"href":"https:\/\/blog.cancaonova.com\/paisecatequistas\/wp-json\/wp\/v2\/types\/post"}],"author":[{"embeddable":true,"href":"https:\/\/blog.cancaonova.com\/paisecatequistas\/wp-json\/wp\/v2\/users\/4414"}],"replies":[{"embeddable":true,"href":"https:\/\/blog.cancaonova.com\/paisecatequistas\/wp-json\/wp\/v2\/comments?post=4002"}],"version-history":[{"count":4,"href":"https:\/\/blog.cancaonova.com\/paisecatequistas\/wp-json\/wp\/v2\/posts\/4002\/revisions"}],"predecessor-version":[{"id":4009,"href":"https:\/\/blog.cancaonova.com\/paisecatequistas\/wp-json\/wp\/v2\/posts\/4002\/revisions\/4009"}],"wp:attachment":[{"href":"https:\/\/blog.cancaonova.com\/paisecatequistas\/wp-json\/wp\/v2\/media?parent=4002"}],"wp:term":[{"taxonomy":"category","embeddable":true,"href":"https:\/\/blog.cancaonova.com\/paisecatequistas\/wp-json\/wp\/v2\/categories?post=4002"},{"taxonomy":"post_tag","embeddable":true,"href":"https:\/\/blog.cancaonova.com\/paisecatequistas\/wp-json\/wp\/v2\/tags?post=4002"}],"curies":[{"name":"wp","href":"https:\/\/api.w.org\/{rel}","templated":true}]}}