{"id":4020,"date":"2012-03-21T08:30:38","date_gmt":"2012-03-21T10:30:38","guid":{"rendered":"http:\/\/blog.cancaonova.com\/paisecatequistas\/?p=4020"},"modified":"2012-03-13T10:05:17","modified_gmt":"2012-03-13T12:05:17","slug":"evangelho-deste-domingo","status":"publish","type":"post","link":"https:\/\/blog.cancaonova.com\/paisecatequistas\/evangelho-deste-domingo\/","title":{"rendered":"Evangelho deste domingo"},"content":{"rendered":"<p>Ol\u00e1, pais e catequistas<\/p>\n<p>Segue abaixo o evangelho da missa de domingo, tr\u00e1s a passagem do Livro de Jo\u00e3o, e a atividade para imprimir e colorir.<\/p>\n<p><img loading=\"lazy\" decoding=\"async\" class=\"aligncenter size-full wp-image-4021\" src=\"http:\/\/blog.cancaonova.com\/paisecatequistas\/files\/2012\/02\/25-03-12.jpg\" alt=\"\" width=\"400\" height=\"600\" srcset=\"https:\/\/blog.cancaonova.com\/paisecatequistas\/files\/2012\/02\/25-03-12.jpg 400w, https:\/\/blog.cancaonova.com\/paisecatequistas\/files\/2012\/02\/25-03-12-200x300.jpg 200w\" sizes=\"(max-width: 400px) 100vw, 400px\" \/><\/p>\n<p><img loading=\"lazy\" decoding=\"async\" class=\"aligncenter size-medium wp-image-4022\" src=\"http:\/\/blog.cancaonova.com\/paisecatequistas\/files\/2012\/02\/25-03-12_PARA-COLORIR-230x300.jpg\" alt=\"\" width=\"230\" height=\"300\" srcset=\"https:\/\/blog.cancaonova.com\/paisecatequistas\/files\/2012\/02\/25-03-12_PARA-COLORIR-230x300.jpg 230w, https:\/\/blog.cancaonova.com\/paisecatequistas\/files\/2012\/02\/25-03-12_PARA-COLORIR-785x1024.jpg 785w, https:\/\/blog.cancaonova.com\/paisecatequistas\/files\/2012\/02\/25-03-12_PARA-COLORIR.jpg 864w\" sizes=\"(max-width: 230px) 100vw, 230px\" \/><\/p>\n","protected":false},"excerpt":{"rendered":"<p>Ol\u00e1, pais e catequistas Segue abaixo o evangelho da missa de domingo, tr\u00e1s a passagem do Livro de Jo\u00e3o, e a atividade para imprimir e colorir.<\/p>\n","protected":false},"author":4414,"featured_media":0,"comment_status":"open","ping_status":"open","sticky":false,"template":"","format":"standard","meta":{"_mi_skip_tracking":false,"_monsterinsights_sitenote_active":false,"_monsterinsights_sitenote_note":"","_monsterinsights_sitenote_category":0,"footnotes":""},"categories":[16089,17601],"tags":[15161,6851,15853],"_links":{"self":[{"href":"https:\/\/blog.cancaonova.com\/paisecatequistas\/wp-json\/wp\/v2\/posts\/4020"}],"collection":[{"href":"https:\/\/blog.cancaonova.com\/paisecatequistas\/wp-json\/wp\/v2\/posts"}],"about":[{"href":"https:\/\/blog.cancaonova.com\/paisecatequistas\/wp-json\/wp\/v2\/types\/post"}],"author":[{"embeddable":true,"href":"https:\/\/blog.cancaonova.com\/paisecatequistas\/wp-json\/wp\/v2\/users\/4414"}],"replies":[{"embeddable":true,"href":"https:\/\/blog.cancaonova.com\/paisecatequistas\/wp-json\/wp\/v2\/comments?post=4020"}],"version-history":[{"count":3,"href":"https:\/\/blog.cancaonova.com\/paisecatequistas\/wp-json\/wp\/v2\/posts\/4020\/revisions"}],"predecessor-version":[{"id":4024,"href":"https:\/\/blog.cancaonova.com\/paisecatequistas\/wp-json\/wp\/v2\/posts\/4020\/revisions\/4024"}],"wp:attachment":[{"href":"https:\/\/blog.cancaonova.com\/paisecatequistas\/wp-json\/wp\/v2\/media?parent=4020"}],"wp:term":[{"taxonomy":"category","embeddable":true,"href":"https:\/\/blog.cancaonova.com\/paisecatequistas\/wp-json\/wp\/v2\/categories?post=4020"},{"taxonomy":"post_tag","embeddable":true,"href":"https:\/\/blog.cancaonova.com\/paisecatequistas\/wp-json\/wp\/v2\/tags?post=4020"}],"curies":[{"name":"wp","href":"https:\/\/api.w.org\/{rel}","templated":true}]}}